{"id":813,"date":"2024-11-18T15:20:04","date_gmt":"2024-11-18T18:20:04","guid":{"rendered":"https:\/\/consuladohonorarioromenia.com.br\/?p=813"},"modified":"2024-11-18T16:02:11","modified_gmt":"2024-11-18T19:02:11","slug":"eleicoes-presidenciais-romenas-e-comemoracoes-em-ipora-do-oeste","status":"publish","type":"post","link":"https:\/\/consuladohonorarioromenia.com.br\/?p=813","title":{"rendered":"Elei\u00e7\u00f5es Presidenciais Romenas e Comemora\u00e7\u00f5es em Ipor\u00e3 do Oeste"},"content":{"rendered":"\n<p>Prezados conterr\u00e2neos,<\/p>\n\n\n\n<p>Com grande alegria, refor\u00e7amos o convite a todos os cidad\u00e3os romenos com passaporte v\u00e1lido para participarem das elei\u00e7\u00f5es presidenciais da Rom\u00eania, que ser\u00e3o realizadas no Consulado Honor\u00e1rio da Rom\u00eania em Ipor\u00e3 do Oeste. O primeiro turno acontecer\u00e1 nos dias 22, 23 e 24 de novembro de 2024, proporcionando a oportunidade de exercer o direito democr\u00e1tico de voto, essencial para fortalecer a liga\u00e7\u00e3o entre nossa comunidade e a terra de nossos ancestrais.<\/p>\n\n\n\n<p>Teremos a honra de receber a Embaixadora Monica Mihaela \u0218tirbu e sua equipe durante esse importante evento. Sua presen\u00e7a simboliza o compromisso cont\u00ednuo do governo romeno em apoiar e fortalecer os la\u00e7os com as comunidades da di\u00e1spora. Ser\u00e1 um momento significativo de intera\u00e7\u00e3o e de reafirma\u00e7\u00e3o das nossas ra\u00edzes culturais.<\/p>\n\n\n\n<p>Al\u00e9m das elei\u00e7\u00f5es presidenciais, convidamos todos a participarem das elei\u00e7\u00f5es legislativas para Senador e Deputado, que ocorrer\u00e3o nos dias 30 de novembro e 1\u00ba de dezembro. Para os casos em que seja necess\u00e1rio um segundo turno na elei\u00e7\u00e3o presidencial, as datas est\u00e3o marcadas para 6, 7 e 8 de dezembro. <\/p>\n\n\n\n<p>Paralelamente a esses eventos, celebraremos tr\u00eas marcos hist\u00f3ricos de grande import\u00e2ncia para nossa comunidade. Primeiramente, o Dia Nacional da Rom\u00eania, celebrado anualmente em 1\u00ba de dezembro, momento em que relembramos a unifica\u00e7\u00e3o do pa\u00eds em 1918. Em segundo lugar, destacamos os 10 anos de funda\u00e7\u00e3o do Consulado Honor\u00e1rio em Ipor\u00e3 do Oeste, que tem sido um pilar no suporte \u00e0 comunidade romena local.<\/p>\n\n\n\n<p>O terceiro e talvez mais especial marco \u00e9 o centen\u00e1rio da imigra\u00e7\u00e3o romena em nossa regi\u00e3o. Desde a chegada dos primeiros imigrantes em 17 de janeiro de 1925, temos cultivado e preservado com orgulho nossa heran\u00e7a cultural. Esta data representa um s\u00e9culo de hist\u00f3ria, trabalho \u00e1rduo e integra\u00e7\u00e3o em terras brasileiras, sem jamais perder o v\u00ednculo com nossas origens.<\/p>\n\n\n\n<p>Para celebrar esses acontecimentos, ser\u00e1 inaugurada uma exposi\u00e7\u00e3o fotogr\u00e1fica no novo Audit\u00f3rio de Ipor\u00e3 do Oeste, com abertura oficial marcada para o dia 28 de novembro de 2024 e abertura para visita\u00e7\u00e3o ao publico em geral a partir do dia 29\/11. A exposi\u00e7\u00e3o ser\u00e1 uma viagem no tempo, oferecendo um olhar \u00edntimo sobre a trajet\u00f3ria da nossa comunidade, desde os pioneiros at\u00e9 os dias atuais. As imagens trar\u00e3o mem\u00f3rias e hist\u00f3rias que emocionam e inspiram.<\/p>\n\n\n\n<p>O evento promete ser um ponto de encontro n\u00e3o apenas para os romenos e seus descendentes, mas tamb\u00e9m para toda a comunidade local. Ser\u00e1 uma excelente oportunidade para fortalecer os la\u00e7os entre as culturas romena e brasileira, demonstrando o impacto positivo da imigra\u00e7\u00e3o na constru\u00e7\u00e3o de nossa sociedade.<\/p>\n\n\n\n<p>Refor\u00e7amos a import\u00e2ncia da presen\u00e7a de todos para fazer desses momentos uma celebra\u00e7\u00e3o inesquec\u00edvel. Juntos, continuaremos a honrar nossa heran\u00e7a, fortalecendo os la\u00e7os com a Rom\u00eania e contribuindo para o desenvolvimento de nossa comunidade.<\/p>\n\n\n\n<p>Atenciosamente,<br>Edson Roberto Dreher<br>C\u00f4nsul Honor\u00e1rio da Rom\u00eania em Ipor\u00e3 do Oeste<\/p>\n","protected":false},"excerpt":{"rendered":"<p>Prezados conterr\u00e2neos, Com grande alegria, refor\u00e7amos o convite a todos os cidad\u00e3os romenos com passaporte v\u00e1lido para participarem das elei\u00e7\u00f5es presidenciais da Rom\u00eania, que ser\u00e3o realizadas no Consulado Honor\u00e1rio da &#8230;<\/p>\n","protected":false},"author":1,"featured_media":814,"comment_status":"open","ping_status":"open","sticky":false,"template":"","format":"standard","meta":{"om_disable_all_campaigns":false,"_monsterinsights_skip_tracking":false,"_monsterinsights_sitenote_active":false,"_monsterinsights_sitenote_note":"","_monsterinsights_sitenote_category":0,"footnotes":""},"categories":[8],"tags":[],"class_list":["post-813","post","type-post","status-publish","format-standard","has-post-thumbnail","hentry","category-sem-categoria-pt"],"aioseo_notices":[],"_links":{"self":[{"href":"https:\/\/consuladohonorarioromenia.com.br\/index.php?rest_route=\/wp\/v2\/posts\/813","targetHints":{"allow":["GET"]}}],"collection":[{"href":"https:\/\/consuladohonorarioromenia.com.br\/index.php?rest_route=\/wp\/v2\/posts"}],"about":[{"href":"https:\/\/consuladohonorarioromenia.com.br\/index.php?rest_route=\/wp\/v2\/types\/post"}],"author":[{"embeddable":true,"href":"https:\/\/consuladohonorarioromenia.com.br\/index.php?rest_route=\/wp\/v2\/users\/1"}],"replies":[{"embeddable":true,"href":"https:\/\/consuladohonorarioromenia.com.br\/index.php?rest_route=%2Fwp%2Fv2%2Fcomments&post=813"}],"version-history":[{"count":3,"href":"https:\/\/consuladohonorarioromenia.com.br\/index.php?rest_route=\/wp\/v2\/posts\/813\/revisions"}],"predecessor-version":[{"id":819,"href":"https:\/\/consuladohonorarioromenia.com.br\/index.php?rest_route=\/wp\/v2\/posts\/813\/revisions\/819"}],"wp:featuredmedia":[{"embeddable":true,"href":"https:\/\/consuladohonorarioromenia.com.br\/index.php?rest_route=\/wp\/v2\/media\/814"}],"wp:attachment":[{"href":"https:\/\/consuladohonorarioromenia.com.br\/index.php?rest_route=%2Fwp%2Fv2%2Fmedia&parent=813"}],"wp:term":[{"taxonomy":"category","embeddable":true,"href":"https:\/\/consuladohonorarioromenia.com.br\/index.php?rest_route=%2Fwp%2Fv2%2Fcategories&post=813"},{"taxonomy":"post_tag","embeddable":true,"href":"https:\/\/consuladohonorarioromenia.com.br\/index.php?rest_route=%2Fwp%2Fv2%2Ftags&post=813"}],"curies":[{"name":"wp","href":"https:\/\/api.w.org\/{rel}","templated":true}]}}