{"id":782,"date":"2023-11-01T14:38:30","date_gmt":"2023-11-01T17:38:30","guid":{"rendered":"https:\/\/consuladohonorarioromenia.com.br\/?p=782"},"modified":"2023-11-03T07:52:43","modified_gmt":"2023-11-03T10:52:43","slug":"homenagem-postuma-a-lidia-balmer-lehrbach","status":"publish","type":"post","link":"https:\/\/consuladohonorarioromenia.com.br\/?p=782","title":{"rendered":"Homenagem P\u00f3stuma a L\u00eddia Balmer Lehrbach"},"content":{"rendered":"\n<p>Um Legado de Mem\u00f3rias e Hist\u00f3rias<\/p>\n\n\n\n<p>\u00c9 com profunda tristeza e rever\u00eancia que o Consulado Honor\u00e1rio da Rom\u00eania em Ipor\u00e3 do Oeste &#8211; SC, dedica este espa\u00e7o \u00e0 mem\u00f3ria de uma personalidade not\u00e1vel da nossa comunidade: L\u00eddia Balmer Lehrbach, cuja partida, ocorrida em 31 de outubro de 2023, nos enche de luto e saudade.<\/p>\n\n\n\n<p>Nascida em 23 de fevereiro de 1921, em Teplitz, regi\u00e3o da Bessar\u00e1bia na Rom\u00eania, L\u00eddia Balmer foi uma das figuras mais emblem\u00e1ticas da nossa di\u00e1spora. Filha de Benjamin e Emilie Balmer, sua vida foi um verdadeiro mosaico de experi\u00eancias e desafios. Em 1930, junto com sua fam\u00edlia, emigrou para o Brasil, estabelecendo novas ra\u00edzes na cidade de Porto Feliz, atual Monda\u00ed.<\/p>\n\n\n\n<p>Ao lado de seu esposo Waldemar Lerhbach, e aben\u00e7oada com uma prole de quatro filhos e uma filha, al\u00e9m de noras e netos, Dona L\u00eddia foi uma pedra fundamental na constru\u00e7\u00e3o de nossa comunidade. Sua vivacidade e dedica\u00e7\u00e3o foram cruciais na funda\u00e7\u00e3o da Associa\u00e7\u00e3o dos Romenos Bessarabianos do Extremo Oeste de Santa Catarina. Com uma mem\u00f3ria invej\u00e1vel, ela compartilhou inestim\u00e1veis relatos e documentos, enriquecendo a hist\u00f3ria da imigra\u00e7\u00e3o romena no sul do Brasil. Suas narrativas sobre a vida na Bessar\u00e1bia, a travessia do oceano, e as experi\u00eancias vividas no sul do Brasil, foram marcadas por desafios superados e muitas vit\u00f3rias.<\/p>\n\n\n\n<p>Dona Lydia n\u00e3o apenas foi uma guardi\u00e3 de nossas mem\u00f3rias coletivas mas tamb\u00e9m uma anfitri\u00e3 calorosa, recebendo em sua casa tanto conterr\u00e2neos quanto autoridades romenas com entusiasmo e orgulho. Ela nos deixa aos 102 anos, mas seu legado e suas hist\u00f3rias continuam vibrando nos cora\u00e7\u00f5es e na mem\u00f3ria de todos que tiveram o privil\u00e9gio de conhec\u00ea-la.<\/p>\n\n\n\n<p>Neste momento de luto, reiteramos nosso pesar e solidariedade \u00e0 fam\u00edlia Balmer Lehrbach e a toda a comunidade romena. Dona L\u00eddia Balmer Lehrbach ser\u00e1 sempre lembrada como um dos pilares de nossa hist\u00f3ria e identidade cultural. Seu exemplo de vida e dedica\u00e7\u00e3o \u00e0 nossa comunidade permanece como um farol, guiando-nos e inspirando-nos a seguir construindo nossa hist\u00f3ria com a mesma for\u00e7a e coragem.<\/p>\n\n\n\n<p>Descanse em paz, querida Dona Lydia. Sua jornada terrena pode ter chegado ao fim, mas sua hist\u00f3ria e seu esp\u00edrito continuam vivos entre n\u00f3s.<\/p>\n\n\n\n<p>\u2606 23\/02\/1921 \u271d 31\/10\/2023<\/p>\n\n\n\n<figure class=\"wp-block-image size-full\"><img loading=\"lazy\" decoding=\"async\" width=\"819\" height=\"563\" src=\"https:\/\/consuladohonorarioromenia.com.br\/wp-content\/uploads\/2023\/11\/image.png\" alt=\"\" class=\"wp-image-784\" srcset=\"https:\/\/consuladohonorarioromenia.com.br\/wp-content\/uploads\/2023\/11\/image.png 819w, https:\/\/consuladohonorarioromenia.com.br\/wp-content\/uploads\/2023\/11\/image-300x206.png 300w, https:\/\/consuladohonorarioromenia.com.br\/wp-content\/uploads\/2023\/11\/image-768x528.png 768w\" sizes=\"auto, (max-width: 819px) 100vw, 819px\" \/><\/figure>\n\n\n\n<figure class=\"wp-block-image size-full\"><img loading=\"lazy\" decoding=\"async\" width=\"700\" height=\"525\" src=\"https:\/\/consuladohonorarioromenia.com.br\/wp-content\/uploads\/2023\/11\/lidia-1.jpg\" alt=\"\" class=\"wp-image-788\" srcset=\"https:\/\/consuladohonorarioromenia.com.br\/wp-content\/uploads\/2023\/11\/lidia-1.jpg 700w, https:\/\/consuladohonorarioromenia.com.br\/wp-content\/uploads\/2023\/11\/lidia-1-300x225.jpg 300w\" sizes=\"auto, (max-width: 700px) 100vw, 700px\" \/><\/figure>\n\n\n\n<figure class=\"wp-block-image size-full\"><img loading=\"lazy\" decoding=\"async\" width=\"700\" height=\"525\" src=\"https:\/\/consuladohonorarioromenia.com.br\/wp-content\/uploads\/2023\/11\/lidia-2.jpg\" alt=\"\" class=\"wp-image-789\" srcset=\"https:\/\/consuladohonorarioromenia.com.br\/wp-content\/uploads\/2023\/11\/lidia-2.jpg 700w, https:\/\/consuladohonorarioromenia.com.br\/wp-content\/uploads\/2023\/11\/lidia-2-300x225.jpg 300w\" sizes=\"auto, (max-width: 700px) 100vw, 700px\" \/><\/figure>\n\n\n\n<figure class=\"wp-block-image size-full\"><img loading=\"lazy\" decoding=\"async\" width=\"700\" height=\"525\" src=\"https:\/\/consuladohonorarioromenia.com.br\/wp-content\/uploads\/2023\/11\/lidia-3.jpg\" alt=\"\" class=\"wp-image-790\" srcset=\"https:\/\/consuladohonorarioromenia.com.br\/wp-content\/uploads\/2023\/11\/lidia-3.jpg 700w, https:\/\/consuladohonorarioromenia.com.br\/wp-content\/uploads\/2023\/11\/lidia-3-300x225.jpg 300w\" sizes=\"auto, (max-width: 700px) 100vw, 700px\" \/><\/figure>\n\n\n\n<figure class=\"wp-block-image size-full\"><img loading=\"lazy\" decoding=\"async\" width=\"700\" height=\"525\" src=\"https:\/\/consuladohonorarioromenia.com.br\/wp-content\/uploads\/2023\/11\/lidia-4.jpg\" alt=\"\" class=\"wp-image-791\" srcset=\"https:\/\/consuladohonorarioromenia.com.br\/wp-content\/uploads\/2023\/11\/lidia-4.jpg 700w, https:\/\/consuladohonorarioromenia.com.br\/wp-content\/uploads\/2023\/11\/lidia-4-300x225.jpg 300w\" sizes=\"auto, (max-width: 700px) 100vw, 700px\" \/><\/figure>\n\n\n\n<figure class=\"wp-block-image size-full\"><img loading=\"lazy\" decoding=\"async\" width=\"700\" height=\"525\" src=\"https:\/\/consuladohonorarioromenia.com.br\/wp-content\/uploads\/2023\/11\/lidia-5.jpg\" alt=\"\" class=\"wp-image-792\" srcset=\"https:\/\/consuladohonorarioromenia.com.br\/wp-content\/uploads\/2023\/11\/lidia-5.jpg 700w, https:\/\/consuladohonorarioromenia.com.br\/wp-content\/uploads\/2023\/11\/lidia-5-300x225.jpg 300w\" sizes=\"auto, (max-width: 700px) 100vw, 700px\" \/><\/figure>\n\n\n\n<figure class=\"wp-block-image size-full\"><img loading=\"lazy\" decoding=\"async\" width=\"700\" height=\"525\" src=\"https:\/\/consuladohonorarioromenia.com.br\/wp-content\/uploads\/2023\/11\/lidia-6.jpg\" alt=\"\" class=\"wp-image-793\" srcset=\"https:\/\/consuladohonorarioromenia.com.br\/wp-content\/uploads\/2023\/11\/lidia-6.jpg 700w, https:\/\/consuladohonorarioromenia.com.br\/wp-content\/uploads\/2023\/11\/lidia-6-300x225.jpg 300w\" sizes=\"auto, (max-width: 700px) 100vw, 700px\" \/><\/figure>\n\n\n\n<figure class=\"wp-block-image size-full\"><img loading=\"lazy\" decoding=\"async\" width=\"700\" height=\"525\" src=\"https:\/\/consuladohonorarioromenia.com.br\/wp-content\/uploads\/2023\/11\/lidia-8.jpg\" alt=\"\" class=\"wp-image-794\" srcset=\"https:\/\/consuladohonorarioromenia.com.br\/wp-content\/uploads\/2023\/11\/lidia-8.jpg 700w, https:\/\/consuladohonorarioromenia.com.br\/wp-content\/uploads\/2023\/11\/lidia-8-300x225.jpg 300w\" sizes=\"auto, (max-width: 700px) 100vw, 700px\" \/><\/figure>\n","protected":false},"excerpt":{"rendered":"<p>Um Legado de Mem\u00f3rias e Hist\u00f3rias \u00c9 com profunda tristeza e rever\u00eancia que o Consulado Honor\u00e1rio da Rom\u00eania em Ipor\u00e3 do Oeste &#8211; SC, dedica este espa\u00e7o \u00e0 mem\u00f3ria de &#8230;<\/p>\n","protected":false},"author":1,"featured_media":783,"comment_status":"open","ping_status":"open","sticky":false,"template":"","format":"standard","meta":{"om_disable_all_campaigns":false,"_monsterinsights_skip_tracking":false,"_monsterinsights_sitenote_active":false,"_monsterinsights_sitenote_note":"","_monsterinsights_sitenote_category":0,"footnotes":""},"categories":[8],"tags":[],"class_list":["post-782","post","type-post","status-publish","format-standard","has-post-thumbnail","hentry","category-sem-categoria-pt"],"aioseo_notices":[],"_links":{"self":[{"href":"https:\/\/consuladohonorarioromenia.com.br\/index.php?rest_route=\/wp\/v2\/posts\/782","targetHints":{"allow":["GET"]}}],"collection":[{"href":"https:\/\/consuladohonorarioromenia.com.br\/index.php?rest_route=\/wp\/v2\/posts"}],"about":[{"href":"https:\/\/consuladohonorarioromenia.com.br\/index.php?rest_route=\/wp\/v2\/types\/post"}],"author":[{"embeddable":true,"href":"https:\/\/consuladohonorarioromenia.com.br\/index.php?rest_route=\/wp\/v2\/users\/1"}],"replies":[{"embeddable":true,"href":"https:\/\/consuladohonorarioromenia.com.br\/index.php?rest_route=%2Fwp%2Fv2%2Fcomments&post=782"}],"version-history":[{"count":2,"href":"https:\/\/consuladohonorarioromenia.com.br\/index.php?rest_route=\/wp\/v2\/posts\/782\/revisions"}],"predecessor-version":[{"id":795,"href":"https:\/\/consuladohonorarioromenia.com.br\/index.php?rest_route=\/wp\/v2\/posts\/782\/revisions\/795"}],"wp:featuredmedia":[{"embeddable":true,"href":"https:\/\/consuladohonorarioromenia.com.br\/index.php?rest_route=\/wp\/v2\/media\/783"}],"wp:attachment":[{"href":"https:\/\/consuladohonorarioromenia.com.br\/index.php?rest_route=%2Fwp%2Fv2%2Fmedia&parent=782"}],"wp:term":[{"taxonomy":"category","embeddable":true,"href":"https:\/\/consuladohonorarioromenia.com.br\/index.php?rest_route=%2Fwp%2Fv2%2Fcategories&post=782"},{"taxonomy":"post_tag","embeddable":true,"href":"https:\/\/consuladohonorarioromenia.com.br\/index.php?rest_route=%2Fwp%2Fv2%2Ftags&post=782"}],"curies":[{"name":"wp","href":"https:\/\/api.w.org\/{rel}","templated":true}]}}