{"id":553,"date":"2022-07-15T08:02:49","date_gmt":"2022-07-15T11:02:49","guid":{"rendered":"https:\/\/consuladohonorarioromenia.com.br\/?p=553"},"modified":"2023-01-13T13:03:05","modified_gmt":"2023-01-13T16:03:05","slug":"consulado-geral-honorario-da-romenia-em-santa-catarina-recebe-visita-oficial-da-embaixada-da-romenia","status":"publish","type":"post","link":"https:\/\/consuladohonorarioromenia.com.br\/?p=553","title":{"rendered":"CONSULADO HONORARIO DA ROM\u00caNIA EM SANTA CATARINA RECEBE VISITA OFICIAL DA EMBAIXADA DA ROM\u00caNIA"},"content":{"rendered":"\n<p>Na primeira semana do m\u00eas de julho, &nbsp;a comunidade romena de Santa Catarina foi agraciada com a primeira visita Oficial ao nosso Estado, da Embaixadora da Rom\u00eania no Brasil, Senhora Monica Mihaela \u015etirbu e do Ministro Conselheiro e C\u00f4nsul da Embaixada, Senhor Florin Marian Palade.<\/p>\n\n\n\n<figure class=\"wp-block-image size-large\"><img loading=\"lazy\" decoding=\"async\" width=\"732\" height=\"444\" src=\"https:\/\/consuladohonorarioromenia.com.br\/wp-content\/uploads\/2022\/07\/image-12.png\" alt=\"\" class=\"wp-image-560\" srcset=\"https:\/\/consuladohonorarioromenia.com.br\/wp-content\/uploads\/2022\/07\/image-12.png 732w, https:\/\/consuladohonorarioromenia.com.br\/wp-content\/uploads\/2022\/07\/image-12-300x182.png 300w\" sizes=\"auto, (max-width: 732px) 100vw, 732px\" \/><\/figure>\n\n\n\n<p>No dia 05\/07\/2022, a Embaixadora, juntamente com o &nbsp;Ministro Conselheiro e C\u00f4nsul Geral Honor\u00e1rio foram recepcionados na resid\u00eancia oficial, Casa Agron\u00f4mica, com honras militares pelo Governador do Estado, Sr. Carlos M\u00f3ises da Silva, onde foram tratados &nbsp;temas de parcerias entre Santa Catarina e a Rom\u00eania.<\/p>\n\n\n\n<p>Os detalhes dessa visita especial podem ser conferidos em:<\/p>\n\n\n\n<p><a href=\"https:\/\/facebook.com\/story.php?story_fbid=pfbid02jeohciXdpmh6UYM5JEQTjuBbRJNByCDVs61G7KxZfjF3vFoL41mUPy5r2b92jZHHl&amp;id=100003192374340&amp;sfnsn=wiwspwa\">https:\/\/facebook.com\/story.php?story_fbid=pfbid02jeohciXdpmh6UYM5JEQTjuBbRJNByCDVs61G7KxZfjF3vFoL41mUPy5r2b92jZHHl&amp;id=100003192374340&amp;sfnsn=wiwspwa<\/a><\/p>\n\n\n\n<p>e<\/p>\n\n\n\n<p><a href=\"https:\/\/facebook.com\/story.php?story_fbid=pfbid06GYoSwHFZsarYknpkpusxxGvqVf42rj9jdP5x4Ctmz3eagx8MF5zQ6YXmiDXdVkLl&amp;id=268505483239004&amp;sfnsn=wiwspwa\">https:\/\/facebook.com\/story.php?story_fbid=pfbid06GYoSwHFZsarYknpkpusxxGvqVf42rj9jdP5x4Ctmz3eagx8MF5zQ6YXmiDXdVkLl&amp;id=268505483239004&amp;sfnsn=wiwspwa<\/a><\/p>\n\n\n\n<p>Tamb\u00e9m tivemos no mesmo dia, o encontro da comitiva da Rom\u00eania com a FACISC, a federa\u00e7\u00e3o com mais de 50 anos de trabalho em prol de Santa Catarina, com mais de 35 mil empresas afiliadas, onde foram estreitadas as rela\u00e7\u00f5es, com a inten\u00e7\u00e3o de realiza\u00e7\u00e3o de miss\u00f5es econ\u00f4micas em ambos os pa\u00edses e uma parceria estrat\u00e9gica.<\/p>\n\n\n\n<figure class=\"wp-block-image size-large\"><img loading=\"lazy\" decoding=\"async\" width=\"480\" height=\"300\" src=\"https:\/\/consuladohonorarioromenia.com.br\/wp-content\/uploads\/2022\/07\/image-11.png\" alt=\"\" class=\"wp-image-559\" srcset=\"https:\/\/consuladohonorarioromenia.com.br\/wp-content\/uploads\/2022\/07\/image-11.png 480w, https:\/\/consuladohonorarioromenia.com.br\/wp-content\/uploads\/2022\/07\/image-11-300x188.png 300w\" sizes=\"auto, (max-width: 480px) 100vw, 480px\" \/><\/figure>\n\n\n\n<p>Complementando, temos o link dessa not\u00edcia em:<\/p>\n\n\n\n<figure class=\"wp-block-embed-wordpress wp-block-embed is-type-wp-embed is-provider-facisc-hub-empresarial-catarinense\"><div class=\"wp-block-embed__wrapper\">\n<blockquote class=\"wp-embedded-content\" data-secret=\"o92BXNxNSA\"><a href=\"https:\/\/www.facisc.org.br\/noticias\/facisc-recebe-embaixadora-da-romenia-para-aproximacao-e-abertura-de-novos-mercados\/\">Facisc recebe embaixadora da Rom\u00eania para aproxima\u00e7\u00e3o e abertura de novos mercados<\/a><\/blockquote><iframe loading=\"lazy\" class=\"wp-embedded-content\" sandbox=\"allow-scripts\" security=\"restricted\" style=\"position: absolute; clip: rect(1px, 1px, 1px, 1px);\" title=\"&#8220;Facisc recebe embaixadora da Rom\u00eania para aproxima\u00e7\u00e3o e abertura de novos mercados&#8221; &#8212; FACISC - Hub Empresarial Catarinense\" src=\"https:\/\/www.facisc.org.br\/noticias\/facisc-recebe-embaixadora-da-romenia-para-aproximacao-e-abertura-de-novos-mercados\/embed\/#?secret=ewaqxRflJ5#?secret=o92BXNxNSA\" data-secret=\"o92BXNxNSA\" width=\"600\" height=\"338\" frameborder=\"0\" marginwidth=\"0\" marginheight=\"0\" scrolling=\"no\"><\/iframe>\n<\/div><\/figure>\n\n\n\n<p>No dia 06\/07\/2022 foi realizada a visita ao Presidente da Funda\u00e7\u00e3o Catarinense de Cultura, Sr. Edinho Lemos, e assim, encaminhada a inten\u00e7\u00e3o de realiza\u00e7\u00e3o de tr\u00eas projetos em parceria pela nossa Embaixada, no contexto do anivers\u00e1rio de 15 anos da integra\u00e7\u00e3o da Rom\u00eania na Uni\u00e3o Europ\u00e9ia e os 95 anos de rela\u00e7\u00f5es bilaterais romeno-brasileiras (1928-2023):<\/p>\n\n\n\n<figure class=\"wp-block-image size-large\"><img loading=\"lazy\" decoding=\"async\" width=\"1024\" height=\"1024\" src=\"https:\/\/consuladohonorarioromenia.com.br\/wp-content\/uploads\/2022\/07\/image-10-1024x1024.png\" alt=\"\" class=\"wp-image-558\" srcset=\"https:\/\/consuladohonorarioromenia.com.br\/wp-content\/uploads\/2022\/07\/image-10-1024x1024.png 1024w, https:\/\/consuladohonorarioromenia.com.br\/wp-content\/uploads\/2022\/07\/image-10-300x300.png 300w, https:\/\/consuladohonorarioromenia.com.br\/wp-content\/uploads\/2022\/07\/image-10-150x150.png 150w, https:\/\/consuladohonorarioromenia.com.br\/wp-content\/uploads\/2022\/07\/image-10-768x768.png 768w, https:\/\/consuladohonorarioromenia.com.br\/wp-content\/uploads\/2022\/07\/image-10.png 1200w\" sizes=\"auto, (max-width: 1024px) 100vw, 1024px\" \/><\/figure>\n\n\n\n<p>Exposi\u00e7\u00e3o Fotogr\u00e1fica \u201cO Longo Caminho da Imigra\u00e7\u00e3o Romena para o Brasil, Exposi\u00e7\u00e3o de Arte Gr\u00e1fica contempor\u00e2nea romena e a exibi\u00e7\u00e3o do filme romeno Experimentul Pitesti, filme dirigido por @victoria.baltag, que conta a hist\u00f3ria do sofrimento da juventude, no experimento de reeduca\u00e7\u00e3o comunista que destruiu milhares de pessoas e fam\u00edlias.<\/p>\n\n\n\n<p>Link da not\u00edcia:<\/p>\n\n\n\n<p><a href=\"https:\/\/facebook.com\/story.php?story_fbid=pfbid02Q85DgwVc8cWDJC9JkuGfe3PT8DSQ5V5CuTXa9AUcwA1Bvy8UPJsADSk52pBLco2l&amp;id=100069212025712&amp;sfnsn=wiwspwa\">https:\/\/facebook.com\/story.php?story_fbid=pfbid02Q85DgwVc8cWDJC9JkuGfe3PT8DSQ5V5CuTXa9AUcwA1Bvy8UPJsADSk52pBLco2l&amp;id=100069212025712&amp;sfnsn=wiwspwa<\/a><\/p>\n\n\n\n<p>E o encerramento da &nbsp;agenda Oficial da Embaixadora Monica Mihaela \u015etirbu e do Ministro Conselheiro Florin Marian Palade, culminou com o &nbsp;momento de muita emo\u00e7\u00e3o e hist\u00f3rico para os mais de 10 mil descendentes romenos da comunidade em Santa Catarina, com a realiza\u00e7\u00e3o da Cerim\u00f4nia de Juramento da Cidadania Romena dos novos cidad\u00e3os Romenos, ligados a grande comunidade romena do Extremo Oeste de Santa Catarina, da Associa\u00e7\u00e3o dos Romeno Bessarabianos,  www.romenos.com.br, na cidade de Florian\u00f3polis.<\/p>\n\n\n\n<figure class=\"wp-block-image size-large\"><img loading=\"lazy\" decoding=\"async\" width=\"768\" height=\"1024\" src=\"https:\/\/consuladohonorarioromenia.com.br\/wp-content\/uploads\/2022\/07\/image-9.png\" alt=\"\" class=\"wp-image-557\" srcset=\"https:\/\/consuladohonorarioromenia.com.br\/wp-content\/uploads\/2022\/07\/image-9.png 768w, https:\/\/consuladohonorarioromenia.com.br\/wp-content\/uploads\/2022\/07\/image-9-225x300.png 225w\" sizes=\"auto, (max-width: 768px) 100vw, 768px\" \/><\/figure>\n\n\n\n<p>Foram concretizadas as cidadanias Romenas para 19 membros da comunidade, somando ao total 31 cidadanias, com inclus\u00e3o de filhos menores.<\/p>\n\n\n\n<figure class=\"wp-block-image size-large\"><img loading=\"lazy\" decoding=\"async\" width=\"1024\" height=\"768\" src=\"https:\/\/consuladohonorarioromenia.com.br\/wp-content\/uploads\/2022\/07\/image-6-1024x768.png\" alt=\"\" class=\"wp-image-554\" srcset=\"https:\/\/consuladohonorarioromenia.com.br\/wp-content\/uploads\/2022\/07\/image-6-1024x768.png 1024w, https:\/\/consuladohonorarioromenia.com.br\/wp-content\/uploads\/2022\/07\/image-6-300x225.png 300w, https:\/\/consuladohonorarioromenia.com.br\/wp-content\/uploads\/2022\/07\/image-6-768x576.png 768w, https:\/\/consuladohonorarioromenia.com.br\/wp-content\/uploads\/2022\/07\/image-6-1536x1152.png 1536w, https:\/\/consuladohonorarioromenia.com.br\/wp-content\/uploads\/2022\/07\/image-6.png 1600w\" sizes=\"auto, (max-width: 1024px) 100vw, 1024px\" \/><\/figure>\n\n\n\n<p>Link da not\u00edcia:<\/p>\n\n\n\n<p><a href=\"https:\/\/facebook.com\/story.php?story_fbid=pfbid02aHhnvrER3R3rBUcWU15u8wbcx9FWoyAgjsXz3T7RzhJ4hdECME5Np6THdKV7xRGMl&amp;id=553500364685029&amp;sfnsn=wiwspwa\">https:\/\/facebook.com\/story.php?story_fbid=pfbid02aHhnvrER3R3rBUcWU15u8wbcx9FWoyAgjsXz3T7RzhJ4hdECME5Np6THdKV7xRGMl&amp;id=553500364685029&amp;sfnsn=wiwspwa<\/a><\/p>\n\n\n\n<p>Desta forma, o Consulado, atrav\u00e9s do C\u00f4nsul Edson Roberto Dreher, da consulesa Carlise Schneider Dreher e a Diretora Cultural Florentina Muller Gruhlke, congratula a todos os novos cidad\u00e3os Romenos pela conquistada cidadania romena e a concretiza\u00e7\u00e3o do vosso sonho.<\/p>\n\n\n\n<figure class=\"wp-block-image size-large\"><img loading=\"lazy\" decoding=\"async\" width=\"1024\" height=\"732\" src=\"https:\/\/consuladohonorarioromenia.com.br\/wp-content\/uploads\/2022\/07\/image-8-1024x732.png\" alt=\"\" class=\"wp-image-556\" srcset=\"https:\/\/consuladohonorarioromenia.com.br\/wp-content\/uploads\/2022\/07\/image-8-1024x732.png 1024w, https:\/\/consuladohonorarioromenia.com.br\/wp-content\/uploads\/2022\/07\/image-8-300x214.png 300w, https:\/\/consuladohonorarioromenia.com.br\/wp-content\/uploads\/2022\/07\/image-8-768x549.png 768w, https:\/\/consuladohonorarioromenia.com.br\/wp-content\/uploads\/2022\/07\/image-8-1536x1097.png 1536w, https:\/\/consuladohonorarioromenia.com.br\/wp-content\/uploads\/2022\/07\/image-8.png 1600w\" sizes=\"auto, (max-width: 1024px) 100vw, 1024px\" \/><\/figure>\n\n\n\n<p>Ainda agradece a todos que se envolveram na organiza\u00e7\u00e3o do evento e pelo aux\u00edlio de trabalhos prestados: ao Alexandre Ruscheinsky que em nome da Associa\u00e7\u00e3o dos Romenos Bessarabianos do Extremo Oeste organizou o grupo, de maneira que fosse poss\u00edvel a locomo\u00e7\u00e3o das pessoas e assim ser realizado o ato do juramento a todos, tamb\u00e9m a Patr\u00edcia Soehn que se disponibilizou para o registro fotogr\u00e1fico, enfim a todos que de uma forma ou outra colaboraram para o \u00eaxito deste evento.<\/p>\n\n\n\n<figure class=\"wp-block-embed is-type-video is-provider-youtube wp-block-embed-youtube wp-embed-aspect-16-9 wp-has-aspect-ratio\"><div class=\"wp-block-embed__wrapper\">\n<iframe loading=\"lazy\" title=\"Cerimonia de Juramento Cidadania Romena\" width=\"800\" height=\"450\" src=\"https:\/\/www.youtube.com\/embed\/LW0xwOQq5uc?feature=oembed\" frameborder=\"0\" allow=\"accelerometer; autoplay; clipboard-write; encrypted-media; gyroscope; picture-in-picture\" allowfullscreen><\/iframe>\n<\/div><\/figure>\n","protected":false},"excerpt":{"rendered":"<p>Na primeira semana do m\u00eas de julho, &nbsp;a comunidade romena de Santa Catarina foi agraciada com a primeira visita Oficial ao nosso Estado, da Embaixadora da Rom\u00eania no Brasil, Senhora &#8230;<\/p>\n","protected":false},"author":1,"featured_media":555,"comment_status":"open","ping_status":"open","sticky":false,"template":"","format":"standard","meta":{"om_disable_all_campaigns":false,"_monsterinsights_skip_tracking":false,"_monsterinsights_sitenote_active":false,"_monsterinsights_sitenote_note":"","_monsterinsights_sitenote_category":0,"footnotes":""},"categories":[8],"tags":[],"class_list":["post-553","post","type-post","status-publish","format-standard","has-post-thumbnail","hentry","category-sem-categoria-pt"],"aioseo_notices":[],"_links":{"self":[{"href":"https:\/\/consuladohonorarioromenia.com.br\/index.php?rest_route=\/wp\/v2\/posts\/553","targetHints":{"allow":["GET"]}}],"collection":[{"href":"https:\/\/consuladohonorarioromenia.com.br\/index.php?rest_route=\/wp\/v2\/posts"}],"about":[{"href":"https:\/\/consuladohonorarioromenia.com.br\/index.php?rest_route=\/wp\/v2\/types\/post"}],"author":[{"embeddable":true,"href":"https:\/\/consuladohonorarioromenia.com.br\/index.php?rest_route=\/wp\/v2\/users\/1"}],"replies":[{"embeddable":true,"href":"https:\/\/consuladohonorarioromenia.com.br\/index.php?rest_route=%2Fwp%2Fv2%2Fcomments&post=553"}],"version-history":[{"count":2,"href":"https:\/\/consuladohonorarioromenia.com.br\/index.php?rest_route=\/wp\/v2\/posts\/553\/revisions"}],"predecessor-version":[{"id":578,"href":"https:\/\/consuladohonorarioromenia.com.br\/index.php?rest_route=\/wp\/v2\/posts\/553\/revisions\/578"}],"wp:featuredmedia":[{"embeddable":true,"href":"https:\/\/consuladohonorarioromenia.com.br\/index.php?rest_route=\/wp\/v2\/media\/555"}],"wp:attachment":[{"href":"https:\/\/consuladohonorarioromenia.com.br\/index.php?rest_route=%2Fwp%2Fv2%2Fmedia&parent=553"}],"wp:term":[{"taxonomy":"category","embeddable":true,"href":"https:\/\/consuladohonorarioromenia.com.br\/index.php?rest_route=%2Fwp%2Fv2%2Fcategories&post=553"},{"taxonomy":"post_tag","embeddable":true,"href":"https:\/\/consuladohonorarioromenia.com.br\/index.php?rest_route=%2Fwp%2Fv2%2Ftags&post=553"}],"curies":[{"name":"wp","href":"https:\/\/api.w.org\/{rel}","templated":true}]}}