{"id":545,"date":"2022-07-15T07:48:55","date_gmt":"2022-07-15T10:48:55","guid":{"rendered":"https:\/\/consuladohonorarioromenia.com.br\/?p=545"},"modified":"2023-01-13T13:03:20","modified_gmt":"2023-01-13T16:03:20","slug":"consulado-geral-honorario-da-romenia-em-santa-catarina-parabeniza-a-romena-teresinha-sohn-klein-pela-comemoracao-das-bodas-de-ouro","status":"publish","type":"post","link":"https:\/\/consuladohonorarioromenia.com.br\/?p=545","title":{"rendered":"Consulado Honor\u00e1rio da Rom\u00eania em Santa Catarina parabeniza a romena Teresinha S\u00f6hn Klein pela comemora\u00e7\u00e3o das Bodas de Ouro."},"content":{"rendered":"\n<figure class=\"wp-block-image size-large\"><img loading=\"lazy\" decoding=\"async\" width=\"1024\" height=\"731\" src=\"https:\/\/consuladohonorarioromenia.com.br\/wp-content\/uploads\/2022\/07\/image-3-1024x731.png\" alt=\"\" class=\"wp-image-549\" srcset=\"https:\/\/consuladohonorarioromenia.com.br\/wp-content\/uploads\/2022\/07\/image-3-1024x731.png 1024w, https:\/\/consuladohonorarioromenia.com.br\/wp-content\/uploads\/2022\/07\/image-3-300x214.png 300w, https:\/\/consuladohonorarioromenia.com.br\/wp-content\/uploads\/2022\/07\/image-3-768x548.png 768w, https:\/\/consuladohonorarioromenia.com.br\/wp-content\/uploads\/2022\/07\/image-3.png 1280w\" sizes=\"auto, (max-width: 1024px) 100vw, 1024px\" \/><\/figure>\n\n\n\n<p>O Consulado Geral Honor\u00e1rio da Rom\u00eania em Santa Catarina, parabeniza a romena Teresinha S\u00f6hn Klein e seu esposo Can\u00edsio Klein pelo anivers\u00e1rio de 50 anos de casamento completados no dia 01\/07\/2022.<\/p>\n\n\n\n<figure class=\"wp-block-image size-large\"><img loading=\"lazy\" decoding=\"async\" width=\"950\" height=\"633\" src=\"https:\/\/consuladohonorarioromenia.com.br\/wp-content\/uploads\/2022\/07\/image-4.png\" alt=\"\" class=\"wp-image-550\" srcset=\"https:\/\/consuladohonorarioromenia.com.br\/wp-content\/uploads\/2022\/07\/image-4.png 950w, https:\/\/consuladohonorarioromenia.com.br\/wp-content\/uploads\/2022\/07\/image-4-300x200.png 300w, https:\/\/consuladohonorarioromenia.com.br\/wp-content\/uploads\/2022\/07\/image-4-768x512.png 768w\" sizes=\"auto, (max-width: 950px) 100vw, 950px\" \/><\/figure>\n\n\n\n<p>O C\u00f4nsul Edson Roberto Dreher e sua fam\u00edlia participaram das Bodas de Ouro, realizado no s\u00e1bado dia 02\/07\/2022 em uma emocionante cerim\u00f4nia na Linha Laranjeira, Itapiranga.<\/p>\n\n\n\n<figure class=\"wp-block-image size-large\"><img loading=\"lazy\" decoding=\"async\" width=\"768\" height=\"1024\" src=\"https:\/\/consuladohonorarioromenia.com.br\/wp-content\/uploads\/2022\/07\/image-5-768x1024.png\" alt=\"\" class=\"wp-image-551\" srcset=\"https:\/\/consuladohonorarioromenia.com.br\/wp-content\/uploads\/2022\/07\/image-5-768x1024.png 768w, https:\/\/consuladohonorarioromenia.com.br\/wp-content\/uploads\/2022\/07\/image-5-225x300.png 225w, https:\/\/consuladohonorarioromenia.com.br\/wp-content\/uploads\/2022\/07\/image-5-1152x1536.png 1152w, https:\/\/consuladohonorarioromenia.com.br\/wp-content\/uploads\/2022\/07\/image-5.png 1200w\" sizes=\"auto, (max-width: 768px) 100vw, 768px\" \/><\/figure>\n\n\n\n<p>Desejamos muitos e muitos anos de vida ao casal, muitas felicidades a toda fam\u00edlia S\u00f6hn e Klein e que possam comemorar muitos novos anivers\u00e1rios de matrim\u00f4nio.<\/p>\n\n\n\n<figure class=\"wp-block-image size-large\"><img loading=\"lazy\" decoding=\"async\" width=\"669\" height=\"950\" src=\"https:\/\/consuladohonorarioromenia.com.br\/wp-content\/uploads\/2022\/07\/image-2.png\" alt=\"\" class=\"wp-image-548\" srcset=\"https:\/\/consuladohonorarioromenia.com.br\/wp-content\/uploads\/2022\/07\/image-2.png 669w, https:\/\/consuladohonorarioromenia.com.br\/wp-content\/uploads\/2022\/07\/image-2-211x300.png 211w\" sizes=\"auto, (max-width: 669px) 100vw, 669px\" \/><\/figure>\n\n\n\n<p>Ficamos honrados e agradecidos pelo convite, realmente foi um momento especial ao qual guardaremos em nossas mem\u00f3rias! Novamente, felicidades ao Casal e a toda fam\u00edlia S\u00f6hn Klein.<\/p>\n","protected":false},"excerpt":{"rendered":"<p>O Consulado Geral Honor\u00e1rio da Rom\u00eania em Santa Catarina, parabeniza a romena Teresinha S\u00f6hn Klein e seu esposo Can\u00edsio Klein pelo anivers\u00e1rio de 50 anos de casamento completados no dia &#8230;<\/p>\n","protected":false},"author":1,"featured_media":546,"comment_status":"open","ping_status":"open","sticky":false,"template":"","format":"standard","meta":{"om_disable_all_campaigns":false,"_monsterinsights_skip_tracking":false,"_monsterinsights_sitenote_active":false,"_monsterinsights_sitenote_note":"","_monsterinsights_sitenote_category":0,"footnotes":""},"categories":[8],"tags":[],"class_list":["post-545","post","type-post","status-publish","format-standard","has-post-thumbnail","hentry","category-sem-categoria-pt"],"aioseo_notices":[],"_links":{"self":[{"href":"https:\/\/consuladohonorarioromenia.com.br\/index.php?rest_route=\/wp\/v2\/posts\/545","targetHints":{"allow":["GET"]}}],"collection":[{"href":"https:\/\/consuladohonorarioromenia.com.br\/index.php?rest_route=\/wp\/v2\/posts"}],"about":[{"href":"https:\/\/consuladohonorarioromenia.com.br\/index.php?rest_route=\/wp\/v2\/types\/post"}],"author":[{"embeddable":true,"href":"https:\/\/consuladohonorarioromenia.com.br\/index.php?rest_route=\/wp\/v2\/users\/1"}],"replies":[{"embeddable":true,"href":"https:\/\/consuladohonorarioromenia.com.br\/index.php?rest_route=%2Fwp%2Fv2%2Fcomments&post=545"}],"version-history":[{"count":3,"href":"https:\/\/consuladohonorarioromenia.com.br\/index.php?rest_route=\/wp\/v2\/posts\/545\/revisions"}],"predecessor-version":[{"id":579,"href":"https:\/\/consuladohonorarioromenia.com.br\/index.php?rest_route=\/wp\/v2\/posts\/545\/revisions\/579"}],"wp:featuredmedia":[{"embeddable":true,"href":"https:\/\/consuladohonorarioromenia.com.br\/index.php?rest_route=\/wp\/v2\/media\/546"}],"wp:attachment":[{"href":"https:\/\/consuladohonorarioromenia.com.br\/index.php?rest_route=%2Fwp%2Fv2%2Fmedia&parent=545"}],"wp:term":[{"taxonomy":"category","embeddable":true,"href":"https:\/\/consuladohonorarioromenia.com.br\/index.php?rest_route=%2Fwp%2Fv2%2Fcategories&post=545"},{"taxonomy":"post_tag","embeddable":true,"href":"https:\/\/consuladohonorarioromenia.com.br\/index.php?rest_route=%2Fwp%2Fv2%2Ftags&post=545"}],"curies":[{"name":"wp","href":"https:\/\/api.w.org\/{rel}","templated":true}]}}