{"id":488,"date":"2021-12-09T07:53:19","date_gmt":"2021-12-09T10:53:19","guid":{"rendered":"https:\/\/consuladohonorarioromenia.com.br\/?p=488"},"modified":"2021-12-10T07:50:57","modified_gmt":"2021-12-10T10:50:57","slug":"participacao-em-evento-do-nacional-da-romenia","status":"publish","type":"post","link":"https:\/\/consuladohonorarioromenia.com.br\/?p=488","title":{"rendered":"Participa\u00e7\u00e3o em evento do Dia Nacional da Rom\u00eania"},"content":{"rendered":"\n<p>No \u00faltimo dia 01\/12\/2021, o C\u00f4nsul Geral Honor\u00e1rio Edson Roberto Dreher e a Consulesa Carlise Schneider Dreher, estiveram participando da data nacional da Rom\u00eania em Bras\u00edlia na Resid\u00eancia Oficial da V. Exc.\u00aa Embaixadora Monica Mihaela \u015etirbu.<\/p>\n\n\n\n<figure class=\"wp-block-image\"><img decoding=\"async\" src=\"https:\/\/scontent.fbnu3-1.fna.fbcdn.net\/v\/t39.30808-6\/263244219_4523504431099258_1444410149071669819_n.jpg?_nc_cat=105&amp;ccb=1-5&amp;_nc_sid=973b4a&amp;_nc_ohc=hoZHMD81y8YAX9dFgM_&amp;_nc_ht=scontent.fbnu3-1.fna&amp;oh=5fee2e4b1136bff053e68a2b5ba15687&amp;oe=61B7C049\" alt=\"Pode ser uma imagem de 3 pessoas, pessoas em p\u00e9 e \u00e1rea interna\"\/><\/figure>\n\n\n\n<p>Tamb\u00e9m na ocasi\u00e3o foi entregue uma carta de boas vindas e lembran\u00e7a em nome da Associa\u00e7\u00e3o dos Romenos Bessarabianos do Extremo Oeste de Santa Catarina.<br>&nbsp;<\/p>\n\n\n\n<figure class=\"wp-block-image size-large\"><img loading=\"lazy\" decoding=\"async\" width=\"1024\" height=\"768\" src=\"https:\/\/consuladohonorarioromenia.com.br\/wp-content\/uploads\/2021\/12\/image-1024x768.png\" alt=\"\" class=\"wp-image-489\" srcset=\"https:\/\/consuladohonorarioromenia.com.br\/wp-content\/uploads\/2021\/12\/image-1024x768.png 1024w, https:\/\/consuladohonorarioromenia.com.br\/wp-content\/uploads\/2021\/12\/image-300x225.png 300w, https:\/\/consuladohonorarioromenia.com.br\/wp-content\/uploads\/2021\/12\/image-768x576.png 768w, https:\/\/consuladohonorarioromenia.com.br\/wp-content\/uploads\/2021\/12\/image-1536x1152.png 1536w, https:\/\/consuladohonorarioromenia.com.br\/wp-content\/uploads\/2021\/12\/image.png 1600w\" sizes=\"auto, (max-width: 1024px) 100vw, 1024px\" \/><\/figure>\n\n\n\n<p>Segue mat\u00e9ria abaixo sobre o bel\u00edssimo evento, organizado de maneira \u00edmpar pela nossa Embaixadora e vossa equipe:<\/p>\n\n\n\n<p><a href=\"https:\/\/facebook.com\/story.php?story_fbid=4523503851099316&amp;id=100003192374340&amp;sfnsn=wiwspwa\">https:\/\/facebook.com\/story.php?story_fbid=4523503851099316&amp;id=100003192374340&amp;sfnsn=wiwspwa<\/a><\/p>\n\n\n\n<figure class=\"wp-block-embed-youtube wp-block-embed is-type-video is-provider-youtube wp-embed-aspect-16-9 wp-has-aspect-ratio\"><div class=\"wp-block-embed__wrapper\">\n<iframe loading=\"lazy\" title=\"Dia Nacional da Rom\u00eania \u00e9 comemorado em Bras\u00edlia.\" width=\"800\" height=\"450\" src=\"https:\/\/www.youtube.com\/embed\/L2nRsRWR-so?feature=oembed\" frameborder=\"0\" allow=\"accelerometer; autoplay; clipboard-write; encrypted-media; gyroscope; picture-in-picture\" allowfullscreen><\/iframe>\n<\/div><\/figure>\n","protected":false},"excerpt":{"rendered":"<p>No \u00faltimo dia 01\/12\/2021, o C\u00f4nsul Geral Honor\u00e1rio Edson Roberto Dreher e a Consulesa Carlise Schneider Dreher, estiveram participando da data nacional da Rom\u00eania em Bras\u00edlia na Resid\u00eancia Oficial da &#8230;<\/p>\n","protected":false},"author":1,"featured_media":39,"comment_status":"open","ping_status":"open","sticky":false,"template":"","format":"standard","meta":{"om_disable_all_campaigns":false,"_monsterinsights_skip_tracking":false,"_monsterinsights_sitenote_active":false,"_monsterinsights_sitenote_note":"","_monsterinsights_sitenote_category":0,"footnotes":""},"categories":[8],"tags":[],"class_list":["post-488","post","type-post","status-publish","format-standard","has-post-thumbnail","hentry","category-sem-categoria-pt"],"aioseo_notices":[],"_links":{"self":[{"href":"https:\/\/consuladohonorarioromenia.com.br\/index.php?rest_route=\/wp\/v2\/posts\/488","targetHints":{"allow":["GET"]}}],"collection":[{"href":"https:\/\/consuladohonorarioromenia.com.br\/index.php?rest_route=\/wp\/v2\/posts"}],"about":[{"href":"https:\/\/consuladohonorarioromenia.com.br\/index.php?rest_route=\/wp\/v2\/types\/post"}],"author":[{"embeddable":true,"href":"https:\/\/consuladohonorarioromenia.com.br\/index.php?rest_route=\/wp\/v2\/users\/1"}],"replies":[{"embeddable":true,"href":"https:\/\/consuladohonorarioromenia.com.br\/index.php?rest_route=%2Fwp%2Fv2%2Fcomments&post=488"}],"version-history":[{"count":2,"href":"https:\/\/consuladohonorarioromenia.com.br\/index.php?rest_route=\/wp\/v2\/posts\/488\/revisions"}],"predecessor-version":[{"id":491,"href":"https:\/\/consuladohonorarioromenia.com.br\/index.php?rest_route=\/wp\/v2\/posts\/488\/revisions\/491"}],"wp:featuredmedia":[{"embeddable":true,"href":"https:\/\/consuladohonorarioromenia.com.br\/index.php?rest_route=\/wp\/v2\/media\/39"}],"wp:attachment":[{"href":"https:\/\/consuladohonorarioromenia.com.br\/index.php?rest_route=%2Fwp%2Fv2%2Fmedia&parent=488"}],"wp:term":[{"taxonomy":"category","embeddable":true,"href":"https:\/\/consuladohonorarioromenia.com.br\/index.php?rest_route=%2Fwp%2Fv2%2Fcategories&post=488"},{"taxonomy":"post_tag","embeddable":true,"href":"https:\/\/consuladohonorarioromenia.com.br\/index.php?rest_route=%2Fwp%2Fv2%2Ftags&post=488"}],"curies":[{"name":"wp","href":"https:\/\/api.w.org\/{rel}","templated":true}]}}