{"id":485,"date":"2021-12-07T13:37:25","date_gmt":"2021-12-07T16:37:25","guid":{"rendered":"https:\/\/consuladohonorarioromenia.com.br\/?p=485"},"modified":"2021-12-07T13:37:26","modified_gmt":"2021-12-07T16:37:26","slug":"participacao-30o-encontro-regional-dos-romenos-bessarabianos","status":"publish","type":"post","link":"https:\/\/consuladohonorarioromenia.com.br\/?p=485","title":{"rendered":"Participa\u00e7\u00e3o 30\u00ba Encontro Regional dos Romenos Bessarabianos"},"content":{"rendered":"\n<p>O Consulado Geral Honor\u00e1rio parabeniza atrav\u00e9s de seu Presidente Adriano Soehn e diretoria, a Associa\u00e7\u00e3o dos Romenos Bessarabianos do Extremo Oeste de Santa Catarina, os integrantes da comunidade de Santo Ant\u00f4nio e todos os participantes pela organiza\u00e7\u00e3o do 30\u00ba Encontro Regional, onde foram servidos mais de 300 jantares t\u00edpicos romenos, que ocorreu no \u00faltimo s\u00e1bado, dia 04\/12\/2021 na Linha Santo Ant\u00f4nio em Itapiranga.<\/p>\n\n\n\n<figure class=\"wp-block-image\"><img decoding=\"async\" src=\"https:\/\/scontent.fbnu3-1.fna.fbcdn.net\/v\/t39.30808-6\/264716368_4673798159321875_4896581561108267943_n.jpg?_nc_cat=110&amp;ccb=1-5&amp;_nc_sid=973b4a&amp;_nc_ohc=MR9KvxRuKF4AX-7YUks&amp;_nc_ht=scontent.fbnu3-1.fna&amp;oh=3127b75cd890929f0f1d8cf5ed4823bf&amp;oe=61B477A8\" alt=\"Pode ser uma imagem de 1 pessoa, sentada, em p\u00e9 e \u00e1rea interna\"\/><\/figure>\n\n\n\n<p>O C\u00f4nsul Geral Honor\u00e1rio Edson Roberto Dreher, em vossa manifesta\u00e7\u00e3o, primeiramente parabenizou a todos pela organiza\u00e7\u00e3o desse bel\u00edssimo evento, registrou que esse ano tivemos a recep\u00e7\u00e3o pela Vossa Excel\u00eancia Embaixadora Monica Mihaela \u015etirbu no dia 30\/10\/2021 na Embaixada da Rom\u00eania em Bras\u00edlia, para realiza\u00e7\u00e3o do Cerimonial de Juramento da Cidadania de 16 integrantes da comunidade, inclusive da Diretora Cultural do Consulado, Professora Sra. Florentina M\u00fcller Gruhlke. Tamb\u00e9m nessa na \u00faltima semana, coincidindo com o Encontro Regional, tiveram v\u00e1rias cartas de aprova\u00e7\u00f5es de cidadanias chegando e muitas das quais sendo de descendentes da fam\u00edlia Ruscheinsky.<\/p>\n\n\n\n<figure class=\"wp-block-image\"><img decoding=\"async\" src=\"https:\/\/scontent.fbnu3-1.fna.fbcdn.net\/v\/t39.30808-6\/264461081_4673798155988542_3450542214670609990_n.jpg?_nc_cat=102&amp;ccb=1-5&amp;_nc_sid=973b4a&amp;_nc_ohc=ZoaAlVSywkUAX-nSS5o&amp;_nc_ht=scontent.fbnu3-1.fna&amp;oh=bd4a8276bdbd0a7a18b7d4d5c9a0bb45&amp;oe=61B51085\" alt=\"Pode ser uma imagem de 3 pessoas, pessoas em p\u00e9 e ao ar livre\"\/><\/figure>\n\n\n\n<p>O que foi um momento especial, devido ao Lan\u00e7amento do Livro, Da Bessar\u00e1bia para o Brasil: a Hist\u00f3ria da Fam\u00edlia Ruscheinsky, pelo descendente Professor Dr. Douglas Orestes Franzen, que \u00e9 uma bela obra de resgate hist\u00f3rico da imigra\u00e7\u00e3o dos romenos Johannes Ruscheinsky e Rufina Kuss Ruscheinsky. Parabenizamos todos os vossos descendentes, foi um momento muito marcante, pois a hist\u00f3ria dessa fam\u00edlia tamb\u00e9m \u00e9 como de muitas da nossa comunidade.<\/p>\n\n\n\n<figure class=\"wp-block-image\"><img decoding=\"async\" src=\"https:\/\/scontent.fbnu3-1.fna.fbcdn.net\/v\/t39.30808-6\/264381659_4673798255988532_7215846003554703052_n.jpg?_nc_cat=105&amp;ccb=1-5&amp;_nc_sid=973b4a&amp;_nc_ohc=ZPgki4y4jMgAX_2mu8p&amp;_nc_ht=scontent.fbnu3-1.fna&amp;oh=d1cf2e58f0cfb0cf040644b86b18e321&amp;oe=61B40C9C\" alt=\"Pode ser uma imagem de 4 pessoas, pessoas em p\u00e9 e ao ar livre\"\/><\/figure>\n\n\n\n<p>Lembrou tamb\u00e9m que vossos bisav\u00f3s Gotthilf Dreher e Barbara Schuh Dreher, emigraram em 1930 no mesmo navio e como n\u00e3o tinham filhos, acabaram ajudando a cuidar das crian\u00e7as no navio. Quando adolescente, junto com vosso pai in memoriam Armin Henrique Dreher, visitaram uma dessas crian\u00e7as, o Sr. Anton Ruscheinsky, in memoriam e ele lhes contou essa hist\u00f3ria e que nunca mais esqueceu daquele dia.<\/p>\n\n\n\n<figure class=\"wp-block-image\"><img decoding=\"async\" src=\"https:\/\/scontent.fbnu3-1.fna.fbcdn.net\/v\/t39.30808-6\/264122234_4673798669321824_8095061176321821455_n.jpg?_nc_cat=106&amp;ccb=1-5&amp;_nc_sid=973b4a&amp;_nc_ohc=Mr6O_UpQ-ewAX_bb9pr&amp;_nc_ht=scontent.fbnu3-1.fna&amp;oh=383d8cbabc6c01f286eed0077c7208a6&amp;oe=61B41E82\" alt=\"Pode ser uma imagem de 13 pessoas e pessoas em p\u00e9\"\/><\/figure>\n\n\n\n<p>Tamb\u00e9m agradeceu a presen\u00e7a no encontro do Prefeito Municipal de Itapiranga Alexandre Ribas e da primeira-dama Fl\u00e1via M\u00fcller Ribas por prestigiar ao encontro e pela parceria que est\u00e1 sendo estabelecida com a Associa\u00e7\u00e3o dos Romenos Bessarabianos, Consulado e Comunidade de Santo Ant\u00f4nio. <\/p>\n\n\n\n<figure class=\"wp-block-image\"><img decoding=\"async\" src=\"https:\/\/scontent.fbnu3-1.fna.fbcdn.net\/v\/t39.30808-6\/264422502_4673960025972355_8570786374599777849_n.jpg?_nc_cat=108&amp;ccb=1-5&amp;_nc_sid=973b4a&amp;_nc_ohc=CdHjtZV8TrAAX9dPz_S&amp;_nc_ht=scontent.fbnu3-1.fna&amp;oh=a8135cbb066506e1cd3f933efdff0be9&amp;oe=61B5128E\" alt=\"Pode ser uma imagem de 3 pessoas e texto que diz &quot;DA BESSAR\u00c1BIA PARA BRASIL: A HIST\u00d3RIA DA FAM\u00cdLIA RUSCHEINSKY DOUGLAS ORESTES FRANZEN&quot;\"\/><\/figure>\n\n\n\n<p>Segue abaixo mais informa\u00e7\u00f5es no site e p\u00e1gina do facebook das Associa\u00e7\u00e3o dos Romenos Bessarabianos:<\/p>\n\n\n\n<p><a href=\"https:\/\/romenos.com.br\/novo\/\">https:\/\/romenos.com.br\/novo\/<\/a><\/p>\n","protected":false},"excerpt":{"rendered":"<p>O Consulado Geral Honor\u00e1rio parabeniza atrav\u00e9s de seu Presidente Adriano Soehn e diretoria, a Associa\u00e7\u00e3o dos Romenos Bessarabianos do Extremo Oeste de Santa Catarina, os integrantes da comunidade de Santo &#8230;<\/p>\n","protected":false},"author":1,"featured_media":486,"comment_status":"open","ping_status":"open","sticky":false,"template":"","format":"standard","meta":{"om_disable_all_campaigns":false,"_monsterinsights_skip_tracking":false,"_monsterinsights_sitenote_active":false,"_monsterinsights_sitenote_note":"","_monsterinsights_sitenote_category":0,"footnotes":""},"categories":[8],"tags":[],"class_list":["post-485","post","type-post","status-publish","format-standard","has-post-thumbnail","hentry","category-sem-categoria-pt"],"aioseo_notices":[],"_links":{"self":[{"href":"https:\/\/consuladohonorarioromenia.com.br\/index.php?rest_route=\/wp\/v2\/posts\/485","targetHints":{"allow":["GET"]}}],"collection":[{"href":"https:\/\/consuladohonorarioromenia.com.br\/index.php?rest_route=\/wp\/v2\/posts"}],"about":[{"href":"https:\/\/consuladohonorarioromenia.com.br\/index.php?rest_route=\/wp\/v2\/types\/post"}],"author":[{"embeddable":true,"href":"https:\/\/consuladohonorarioromenia.com.br\/index.php?rest_route=\/wp\/v2\/users\/1"}],"replies":[{"embeddable":true,"href":"https:\/\/consuladohonorarioromenia.com.br\/index.php?rest_route=%2Fwp%2Fv2%2Fcomments&post=485"}],"version-history":[{"count":1,"href":"https:\/\/consuladohonorarioromenia.com.br\/index.php?rest_route=\/wp\/v2\/posts\/485\/revisions"}],"predecessor-version":[{"id":487,"href":"https:\/\/consuladohonorarioromenia.com.br\/index.php?rest_route=\/wp\/v2\/posts\/485\/revisions\/487"}],"wp:featuredmedia":[{"embeddable":true,"href":"https:\/\/consuladohonorarioromenia.com.br\/index.php?rest_route=\/wp\/v2\/media\/486"}],"wp:attachment":[{"href":"https:\/\/consuladohonorarioromenia.com.br\/index.php?rest_route=%2Fwp%2Fv2%2Fmedia&parent=485"}],"wp:term":[{"taxonomy":"category","embeddable":true,"href":"https:\/\/consuladohonorarioromenia.com.br\/index.php?rest_route=%2Fwp%2Fv2%2Fcategories&post=485"},{"taxonomy":"post_tag","embeddable":true,"href":"https:\/\/consuladohonorarioromenia.com.br\/index.php?rest_route=%2Fwp%2Fv2%2Ftags&post=485"}],"curies":[{"name":"wp","href":"https:\/\/api.w.org\/{rel}","templated":true}]}}