{"id":419,"date":"2021-06-12T13:29:54","date_gmt":"2021-06-12T16:29:54","guid":{"rendered":"https:\/\/consuladohonorarioromenia.com.br\/?p=419"},"modified":"2021-06-12T13:29:56","modified_gmt":"2021-06-12T16:29:56","slug":"homenagem-a-jorge-muller-pelo-seu-centenario-de-vida","status":"publish","type":"post","link":"https:\/\/consuladohonorarioromenia.com.br\/?p=419","title":{"rendered":"HOMENAGEM \u00c0 JORGE M\u00dcLLER PELO SEU CENTEN\u00c1RIO DE VIDA"},"content":{"rendered":"\n<p>O Consulado Geral Honor\u00e1rio da Rom\u00eania em Santa Catarina, homenageia o imigrante Romeno Gheorg (Jorge) M\u00fcller, pelo seu centen\u00e1rio de vida, na data de hoje.<\/p>\n\n\n\n<figure class=\"wp-block-image size-large\"><img loading=\"lazy\" decoding=\"async\" width=\"768\" height=\"1024\" src=\"https:\/\/consuladohonorarioromenia.com.br\/wp-content\/uploads\/2021\/06\/103507537_3084822651552775_8499265416136432156_n-1-768x1024.jpg\" alt=\"\" class=\"wp-image-428\" srcset=\"https:\/\/consuladohonorarioromenia.com.br\/wp-content\/uploads\/2021\/06\/103507537_3084822651552775_8499265416136432156_n-1-768x1024.jpg 768w, https:\/\/consuladohonorarioromenia.com.br\/wp-content\/uploads\/2021\/06\/103507537_3084822651552775_8499265416136432156_n-1-225x300.jpg 225w, https:\/\/consuladohonorarioromenia.com.br\/wp-content\/uploads\/2021\/06\/103507537_3084822651552775_8499265416136432156_n-1.jpg 864w\" sizes=\"auto, (max-width: 768px) 100vw, 768px\" \/><\/figure>\n\n\n\n<p>Gheorg para a Rom\u00eania, Jorge para o Brasil, nasceu na data de 12 junho de 1921, na cidade de Crasna (Krasna), Cetatea Alb\u0103, Basarabia, Rom\u00e2nia.<\/p>\n\n\n\n<p><\/p>\n\n\n\n<figure class=\"wp-block-image size-large\"><img loading=\"lazy\" decoding=\"async\" width=\"1024\" height=\"768\" src=\"https:\/\/consuladohonorarioromenia.com.br\/wp-content\/uploads\/2021\/06\/100_3705-2-1024x768.jpg\" alt=\"\" class=\"wp-image-429\" srcset=\"https:\/\/consuladohonorarioromenia.com.br\/wp-content\/uploads\/2021\/06\/100_3705-2-1024x768.jpg 1024w, https:\/\/consuladohonorarioromenia.com.br\/wp-content\/uploads\/2021\/06\/100_3705-2-300x225.jpg 300w, https:\/\/consuladohonorarioromenia.com.br\/wp-content\/uploads\/2021\/06\/100_3705-2-768x576.jpg 768w, https:\/\/consuladohonorarioromenia.com.br\/wp-content\/uploads\/2021\/06\/100_3705-2-1536x1152.jpg 1536w, https:\/\/consuladohonorarioromenia.com.br\/wp-content\/uploads\/2021\/06\/100_3705-2-2048x1536.jpg 2048w\" sizes=\"auto, (max-width: 1024px) 100vw, 1024px\" \/><\/figure>\n\n\n\n<p>\u00c9 filho do casal imigrante Johannes M\u00fcller e de Klara Winter M\u00fcller.<\/p>\n\n\n\n<p>Jorge e seus descendentes, s\u00e3o integrantes da comunidade Romena do Extremo oeste de SC e grandes colaboradores e apoiadores do Consulado Geral.<\/p>\n\n\n\n<p><\/p>\n\n\n\n<figure class=\"wp-block-image size-large\"><img loading=\"lazy\" decoding=\"async\" width=\"1000\" height=\"667\" src=\"https:\/\/consuladohonorarioromenia.com.br\/wp-content\/uploads\/2021\/06\/47429719_2008200799214971_3875892433392762880_n-1.jpg\" alt=\"\" class=\"wp-image-430\" srcset=\"https:\/\/consuladohonorarioromenia.com.br\/wp-content\/uploads\/2021\/06\/47429719_2008200799214971_3875892433392762880_n-1.jpg 1000w, https:\/\/consuladohonorarioromenia.com.br\/wp-content\/uploads\/2021\/06\/47429719_2008200799214971_3875892433392762880_n-1-300x200.jpg 300w, https:\/\/consuladohonorarioromenia.com.br\/wp-content\/uploads\/2021\/06\/47429719_2008200799214971_3875892433392762880_n-1-768x512.jpg 768w\" sizes=\"auto, (max-width: 1000px) 100vw, 1000px\" \/><\/figure>\n\n\n\n<p>Nesta data t\u00e3o especial, como C\u00f4nsul Geral Honor\u00e1rio, da minha esposa Carlise e fam\u00edlia e atrav\u00e9s da Diretora Cultural Florentina M\u00fcller Gruhlke, desejamos ao Jorge felicidades, sa\u00fade e que esta data ainda possamos comemorar juntos por muitas vezes.<\/p>\n\n\n\n<p><\/p>\n\n\n\n<figure class=\"wp-block-image size-large\"><img loading=\"lazy\" decoding=\"async\" width=\"1000\" height=\"667\" src=\"https:\/\/consuladohonorarioromenia.com.br\/wp-content\/uploads\/2021\/06\/47319671_2008186062549778_6245140455659405312_n-1.jpg\" alt=\"\" class=\"wp-image-431\" srcset=\"https:\/\/consuladohonorarioromenia.com.br\/wp-content\/uploads\/2021\/06\/47319671_2008186062549778_6245140455659405312_n-1.jpg 1000w, https:\/\/consuladohonorarioromenia.com.br\/wp-content\/uploads\/2021\/06\/47319671_2008186062549778_6245140455659405312_n-1-300x200.jpg 300w, https:\/\/consuladohonorarioromenia.com.br\/wp-content\/uploads\/2021\/06\/47319671_2008186062549778_6245140455659405312_n-1-768x512.jpg 768w\" sizes=\"auto, (max-width: 1000px) 100vw, 1000px\" \/><\/figure>\n\n\n\n<p>A fam\u00edlia de Jorge, nossas congratula\u00e7\u00f5es e agradecimentos, por todo o bem que proporcionam ao pai, de maneira que esta vida se prolongue, com a Gra\u00e7a Divina.<\/p>\n\n\n\n<p>Comemorar o centen\u00e1rio de vida \u00e9 um orgulho para o Consulado Geral e para toda a comunidade Bessarabiana.<\/p>\n\n\n\n<p><\/p>\n\n\n\n<figure class=\"wp-block-image size-large\"><img loading=\"lazy\" decoding=\"async\" width=\"1024\" height=\"768\" src=\"https:\/\/consuladohonorarioromenia.com.br\/wp-content\/uploads\/2021\/06\/100_4034-1-1024x768.jpg\" alt=\"\" class=\"wp-image-432\" srcset=\"https:\/\/consuladohonorarioromenia.com.br\/wp-content\/uploads\/2021\/06\/100_4034-1-1024x768.jpg 1024w, https:\/\/consuladohonorarioromenia.com.br\/wp-content\/uploads\/2021\/06\/100_4034-1-300x225.jpg 300w, https:\/\/consuladohonorarioromenia.com.br\/wp-content\/uploads\/2021\/06\/100_4034-1-768x576.jpg 768w, https:\/\/consuladohonorarioromenia.com.br\/wp-content\/uploads\/2021\/06\/100_4034-1-1536x1152.jpg 1536w, https:\/\/consuladohonorarioromenia.com.br\/wp-content\/uploads\/2021\/06\/100_4034-1-2048x1536.jpg 2048w\" sizes=\"auto, (max-width: 1024px) 100vw, 1024px\" \/><\/figure>\n\n\n\n<p>O ano de 2021, est\u00e1 nos presenteando com a comemora\u00e7\u00e3o do segundo centen\u00e1rio: no m\u00eas de fevereiro da Dona Lydia Balmer Lehrbach e hoje de Jorge M\u00fcller.<\/p>\n\n\n\n<p><\/p>\n\n\n\n<p>Parab\u00e9ns, &#8230; Voc\u00eas s\u00e3o nosso exemplo e alicerce Consular.<\/p>\n\n\n\n<p><\/p>\n\n\n\n<figure class=\"wp-block-image size-large\"><img loading=\"lazy\" decoding=\"async\" width=\"1000\" height=\"667\" src=\"https:\/\/consuladohonorarioromenia.com.br\/wp-content\/uploads\/2021\/06\/47315400_2008190602549324_1492236651273912320_n-1.jpg\" alt=\"\" class=\"wp-image-433\" srcset=\"https:\/\/consuladohonorarioromenia.com.br\/wp-content\/uploads\/2021\/06\/47315400_2008190602549324_1492236651273912320_n-1.jpg 1000w, https:\/\/consuladohonorarioromenia.com.br\/wp-content\/uploads\/2021\/06\/47315400_2008190602549324_1492236651273912320_n-1-300x200.jpg 300w, https:\/\/consuladohonorarioromenia.com.br\/wp-content\/uploads\/2021\/06\/47315400_2008190602549324_1492236651273912320_n-1-768x512.jpg 768w\" sizes=\"auto, (max-width: 1000px) 100vw, 1000px\" \/><\/figure>\n\n\n\n<p>Consul Geral Honor\u00e1rio Edson Roberto Dreher<\/p>\n\n\n\n<p>Consulesa Carlise Schneider Dreher <\/p>\n\n\n\n<p>Diretora Cultural Florentina M\u00fcller Gruhlke<\/p>\n","protected":false},"excerpt":{"rendered":"<p>O Consulado Geral Honor\u00e1rio da Rom\u00eania em Santa Catarina, homenageia o imigrante Romeno Gheorg (Jorge) M\u00fcller, pelo seu centen\u00e1rio de vida, na data de hoje. Gheorg para a Rom\u00eania, Jorge &#8230;<\/p>\n","protected":false},"author":1,"featured_media":420,"comment_status":"open","ping_status":"open","sticky":false,"template":"","format":"standard","meta":{"om_disable_all_campaigns":false,"_monsterinsights_skip_tracking":false,"_monsterinsights_sitenote_active":false,"_monsterinsights_sitenote_note":"","_monsterinsights_sitenote_category":0,"footnotes":""},"categories":[8],"tags":[],"class_list":["post-419","post","type-post","status-publish","format-standard","has-post-thumbnail","hentry","category-sem-categoria-pt"],"aioseo_notices":[],"_links":{"self":[{"href":"https:\/\/consuladohonorarioromenia.com.br\/index.php?rest_route=\/wp\/v2\/posts\/419","targetHints":{"allow":["GET"]}}],"collection":[{"href":"https:\/\/consuladohonorarioromenia.com.br\/index.php?rest_route=\/wp\/v2\/posts"}],"about":[{"href":"https:\/\/consuladohonorarioromenia.com.br\/index.php?rest_route=\/wp\/v2\/types\/post"}],"author":[{"embeddable":true,"href":"https:\/\/consuladohonorarioromenia.com.br\/index.php?rest_route=\/wp\/v2\/users\/1"}],"replies":[{"embeddable":true,"href":"https:\/\/consuladohonorarioromenia.com.br\/index.php?rest_route=%2Fwp%2Fv2%2Fcomments&post=419"}],"version-history":[{"count":1,"href":"https:\/\/consuladohonorarioromenia.com.br\/index.php?rest_route=\/wp\/v2\/posts\/419\/revisions"}],"predecessor-version":[{"id":434,"href":"https:\/\/consuladohonorarioromenia.com.br\/index.php?rest_route=\/wp\/v2\/posts\/419\/revisions\/434"}],"wp:featuredmedia":[{"embeddable":true,"href":"https:\/\/consuladohonorarioromenia.com.br\/index.php?rest_route=\/wp\/v2\/media\/420"}],"wp:attachment":[{"href":"https:\/\/consuladohonorarioromenia.com.br\/index.php?rest_route=%2Fwp%2Fv2%2Fmedia&parent=419"}],"wp:term":[{"taxonomy":"category","embeddable":true,"href":"https:\/\/consuladohonorarioromenia.com.br\/index.php?rest_route=%2Fwp%2Fv2%2Fcategories&post=419"},{"taxonomy":"post_tag","embeddable":true,"href":"https:\/\/consuladohonorarioromenia.com.br\/index.php?rest_route=%2Fwp%2Fv2%2Ftags&post=419"}],"curies":[{"name":"wp","href":"https:\/\/api.w.org\/{rel}","templated":true}]}}