{"id":411,"date":"2021-05-22T10:37:29","date_gmt":"2021-05-22T13:37:29","guid":{"rendered":"https:\/\/consuladohonorarioromenia.com.br\/?p=411"},"modified":"2021-05-22T10:37:31","modified_gmt":"2021-05-22T13:37:31","slug":"fim-da-missao-diplomatica-do-embaixador-stefan-mera","status":"publish","type":"post","link":"https:\/\/consuladohonorarioromenia.com.br\/?p=411","title":{"rendered":"Fim da Miss\u00e3o Diplom\u00e1tica do Embaixador Stefan Mera"},"content":{"rendered":"\n<p>No dia de hoje finda a Miss\u00e3o Diplom\u00e1tica da Vossa Excel\u00eancia Embaixador Stefan Mera no Brasil, que juntamente com a Embaixatriz Ligia Mera retornam a Rom\u00eania.<\/p>\n\n\n\n<p>O Embaixador deixa um legado de amizade, companheirismo, dedica\u00e7\u00e3o e acima de tudo muito trabalho.<\/p>\n\n\n\n<figure class=\"wp-block-image size-large\"><img loading=\"lazy\" decoding=\"async\" width=\"1000\" height=\"667\" src=\"https:\/\/consuladohonorarioromenia.com.br\/wp-content\/uploads\/2021\/05\/image.png\" alt=\"\" class=\"wp-image-412\" srcset=\"https:\/\/consuladohonorarioromenia.com.br\/wp-content\/uploads\/2021\/05\/image.png 1000w, https:\/\/consuladohonorarioromenia.com.br\/wp-content\/uploads\/2021\/05\/image-300x200.png 300w, https:\/\/consuladohonorarioromenia.com.br\/wp-content\/uploads\/2021\/05\/image-768x512.png 768w\" sizes=\"auto, (max-width: 1000px) 100vw, 1000px\" \/><\/figure>\n\n\n\n<p>Foi em vosso mandato que iniciou no Brasil 27\/10\/2016, que nossa comunidade teve muitos avan\u00e7os em in\u00fameras pautas. Podemos citar que ap\u00f3s sua primeira visita a regi\u00e3o em outubro de 2017 foi constru\u00eddo o Caminho para a recupera\u00e7\u00e3o de cidadania romena.<\/p>\n\n\n\n<p>Esse trabalho foi realizado em sua gest\u00e3o com o apoio incondicional do Ministro e C\u00f4nsul Valeriu Rusu, com todo o envolvimento da professora e Diretora Cultural do nosso Consulado Geral Honor\u00e1rio Florentina M\u00fcller Gruhlke.<\/p>\n\n\n\n<figure class=\"wp-block-image size-large\"><img loading=\"lazy\" decoding=\"async\" width=\"900\" height=\"600\" src=\"https:\/\/consuladohonorarioromenia.com.br\/wp-content\/uploads\/2021\/05\/image-1.png\" alt=\"\" class=\"wp-image-413\" srcset=\"https:\/\/consuladohonorarioromenia.com.br\/wp-content\/uploads\/2021\/05\/image-1.png 900w, https:\/\/consuladohonorarioromenia.com.br\/wp-content\/uploads\/2021\/05\/image-1-300x200.png 300w, https:\/\/consuladohonorarioromenia.com.br\/wp-content\/uploads\/2021\/05\/image-1-768x512.png 768w\" sizes=\"auto, (max-width: 900px) 100vw, 900px\" \/><\/figure>\n\n\n\n<p>Dessa maneira foi poss\u00edvel o encaminhamento de mais de 200 cidadanias, aonde atualmente a nossa comunidade de Santa Catarina j\u00e1 possui entre juramentados e aprovados 60 cidad\u00e3os romenos.<\/p>\n\n\n\n<p>Ressaltar tamb\u00e9m que em sua primeira vinda a nossa regi\u00e3o em 2017, esteve no Encontro Regional dos Romenos Bessarabianos na cidade de Tun\u00e1polis, visitas oficiais as Prefeituras de Monda\u00ed, Ipor\u00e3 do Oeste, S\u00e3o Jo\u00e3o do Oeste e Itapiranga.<\/p>\n\n\n\n<figure class=\"wp-block-image size-large is-style-rounded\"><img loading=\"lazy\" decoding=\"async\" width=\"1000\" height=\"667\" src=\"https:\/\/consuladohonorarioromenia.com.br\/wp-content\/uploads\/2021\/05\/image-3.png\" alt=\"\" class=\"wp-image-415\" srcset=\"https:\/\/consuladohonorarioromenia.com.br\/wp-content\/uploads\/2021\/05\/image-3.png 1000w, https:\/\/consuladohonorarioromenia.com.br\/wp-content\/uploads\/2021\/05\/image-3-300x200.png 300w, https:\/\/consuladohonorarioromenia.com.br\/wp-content\/uploads\/2021\/05\/image-3-768x512.png 768w\" sizes=\"auto, (max-width: 1000px) 100vw, 1000px\" \/><\/figure>\n\n\n\n<p>Em Itapiranga participou do primeiro Jantar Romeno na Oktoberfest, um dos maiores eventos do Sul do Brasil. Dia hist\u00f3rico para toda comunidade bessarabiana da regi\u00e3o, com introdu\u00e7\u00e3o da nossa culin\u00e1ria e cultura. Aonde foi lhe apresentado o traje t\u00edpico romeno com a releitura e caracter\u00edstica da nossa comunidade no Brasil, trabalho realizado com maestria pela Atual Modas de Itapiranga.<\/p>\n\n\n\n<p>Regressou novamente a regi\u00e3o para participar do Encontro Regional dos Romenos Bessarabianos na Linha Santo Ant\u00f4nio no dia 01\/12\/2018, data muito especial e significativa, dia que se comemorou o Centen\u00e1rio da Grande Rom\u00eania, que foi a Unifica\u00e7\u00e3o do pa\u00eds ap\u00f3s a Primeira Guerra Mundial.<\/p>\n\n\n\n<p>Dia de muita emo\u00e7\u00e3o a todos os presentes, todos os fundadores de nossa comunidade foram soldados e her\u00f3is da Primeira Guerra Mundial.<\/p>\n\n\n\n<p>Nessa ocasi\u00e3o o ent\u00e3o Prefeito de Itapiranga, Sr. Jorge Welter anunciou a aprova\u00e7\u00e3o pela C\u00e2mara de Vereadores da Lei instituindo o dia 01 de Dezembro, como o Dia do Romeno.<\/p>\n\n\n\n<p>Tamb\u00e9m nessa ocasi\u00e3o foi realizada o lan\u00e7amento do Artesanato Romeno da nossa comunidade Romeno Bessarabiana, trabalho realizado de maneira espetacular pela Associa\u00e7\u00e3o de Artesanato Novo Amanh\u00e3 de Ipor\u00e3 do Oeste.<\/p>\n\n\n\n<p>Tamb\u00e9m na miss\u00e3o diplom\u00e1tica do Embaixador Stefan Mera, atrav\u00e9s do vosso empenho pessoal a comunidade foi agraciada com 4 Bolsas de Estudos do Idioma na Rom\u00eania. Foi um marco essencial para que nossa comunidade possa cada vez mais estar conectada com nossa P\u00e1tria M\u00e3e Rom\u00eania.<\/p>\n\n\n\n<p>Em 28 de Fevereiro 2019, tamb\u00e9m tivemos a honraria de termos tido elevado \u00e0 categoria Consular de nosso Consulado Honor\u00e1rio para Consulado Geral Honor\u00e1rio.<\/p>\n\n\n\n<p>Registrar nosso agradecimento imenso tamb\u00e9m pela coordena\u00e7\u00e3o no \u00faltimo dia 18\/03\/2021 da reuni\u00e3o realizada para comunidades romenas do Brasil com a Secret\u00e1ria de Estado da Rom\u00eania, Vossa Excel\u00eancia Oana Ursache, onde foram tratados in\u00fameros temas de extrema relev\u00e2ncia.<\/p>\n\n\n\n<p>Deixar em nome de nossa Diretora Cultural, Florentina, da Consulesa Carlise e da minha pessoa a mais profunda gratid\u00e3o ao Embaixador Stefan Mera e Embaixatriz Ligia Mera, que tenham um excelente retorno a nossa amada Rom\u00eania e podem ter certeza de que est\u00e3o em nossos cora\u00e7\u00f5es.<\/p>\n\n\n\n<figure class=\"wp-block-image size-large is-style-rounded\"><img loading=\"lazy\" decoding=\"async\" width=\"1015\" height=\"497\" src=\"https:\/\/consuladohonorarioromenia.com.br\/wp-content\/uploads\/2021\/05\/image-2.png\" alt=\"\" class=\"wp-image-414\" srcset=\"https:\/\/consuladohonorarioromenia.com.br\/wp-content\/uploads\/2021\/05\/image-2.png 1015w, https:\/\/consuladohonorarioromenia.com.br\/wp-content\/uploads\/2021\/05\/image-2-300x147.png 300w, https:\/\/consuladohonorarioromenia.com.br\/wp-content\/uploads\/2021\/05\/image-2-768x376.png 768w\" sizes=\"auto, (max-width: 1015px) 100vw, 1015px\" \/><\/figure>\n\n\n\n<p>Segue abaixo Entrevista do C\u00f4nsul Geral Honor\u00e1rio Edson Roberto Dreher a Oeste Fm em 19\/05\/2021:<\/p>\n\n\n\n<p><a href=\"https:\/\/www.peperi.com.br\/audios\/19-05-2021-oeste-entrevista-19-05-2021-139\/\">https:\/\/www.peperi.com.br\/audios\/19-05-2021-oeste-entrevista-19-05-2021-139\/<\/a><\/p>\n","protected":false},"excerpt":{"rendered":"<p>No dia de hoje finda a Miss\u00e3o Diplom\u00e1tica da Vossa Excel\u00eancia Embaixador Stefan Mera no Brasil, que juntamente com a Embaixatriz Ligia Mera retornam a Rom\u00eania. O Embaixador deixa um &#8230;<\/p>\n","protected":false},"author":1,"featured_media":416,"comment_status":"open","ping_status":"open","sticky":false,"template":"","format":"standard","meta":{"om_disable_all_campaigns":false,"_monsterinsights_skip_tracking":false,"_monsterinsights_sitenote_active":false,"_monsterinsights_sitenote_note":"","_monsterinsights_sitenote_category":0,"footnotes":""},"categories":[8],"tags":[],"class_list":["post-411","post","type-post","status-publish","format-standard","has-post-thumbnail","hentry","category-sem-categoria-pt"],"aioseo_notices":[],"_links":{"self":[{"href":"https:\/\/consuladohonorarioromenia.com.br\/index.php?rest_route=\/wp\/v2\/posts\/411","targetHints":{"allow":["GET"]}}],"collection":[{"href":"https:\/\/consuladohonorarioromenia.com.br\/index.php?rest_route=\/wp\/v2\/posts"}],"about":[{"href":"https:\/\/consuladohonorarioromenia.com.br\/index.php?rest_route=\/wp\/v2\/types\/post"}],"author":[{"embeddable":true,"href":"https:\/\/consuladohonorarioromenia.com.br\/index.php?rest_route=\/wp\/v2\/users\/1"}],"replies":[{"embeddable":true,"href":"https:\/\/consuladohonorarioromenia.com.br\/index.php?rest_route=%2Fwp%2Fv2%2Fcomments&post=411"}],"version-history":[{"count":1,"href":"https:\/\/consuladohonorarioromenia.com.br\/index.php?rest_route=\/wp\/v2\/posts\/411\/revisions"}],"predecessor-version":[{"id":417,"href":"https:\/\/consuladohonorarioromenia.com.br\/index.php?rest_route=\/wp\/v2\/posts\/411\/revisions\/417"}],"wp:featuredmedia":[{"embeddable":true,"href":"https:\/\/consuladohonorarioromenia.com.br\/index.php?rest_route=\/wp\/v2\/media\/416"}],"wp:attachment":[{"href":"https:\/\/consuladohonorarioromenia.com.br\/index.php?rest_route=%2Fwp%2Fv2%2Fmedia&parent=411"}],"wp:term":[{"taxonomy":"category","embeddable":true,"href":"https:\/\/consuladohonorarioromenia.com.br\/index.php?rest_route=%2Fwp%2Fv2%2Fcategories&post=411"},{"taxonomy":"post_tag","embeddable":true,"href":"https:\/\/consuladohonorarioromenia.com.br\/index.php?rest_route=%2Fwp%2Fv2%2Ftags&post=411"}],"curies":[{"name":"wp","href":"https:\/\/api.w.org\/{rel}","templated":true}]}}