{"id":402,"date":"2021-03-30T09:42:37","date_gmt":"2021-03-30T12:42:37","guid":{"rendered":"https:\/\/consuladohonorarioromenia.com.br\/?p=402"},"modified":"2021-03-30T09:52:29","modified_gmt":"2021-03-30T12:52:29","slug":"encontro-historico-de-missoes-diplomaticas","status":"publish","type":"post","link":"https:\/\/consuladohonorarioromenia.com.br\/?p=402","title":{"rendered":"Encontro Hist\u00f3rico de Miss\u00f5es Diplom\u00e1ticas"},"content":{"rendered":"\n<figure class=\"wp-block-image\"><img decoding=\"async\" src=\"https:\/\/scontent.fbnu3-1.fna.fbcdn.net\/v\/t1.6435-9\/162528690_1256161818119133_7391627581226427995_n.jpg?_nc_cat=107&amp;ccb=1-3&amp;_nc_sid=8bfeb9&amp;_nc_eui2=AeEgBFBSRSNXoSYV79bo6lmErfgqdYQP2v6t-Cp1hA_a_o_NhDgoCOyYlxZ3rXsPu4-Z7QnBEz0xaEvMFjVhEc1d&amp;_nc_ohc=paz11_5fWqYAX8JRKh0&amp;_nc_ht=scontent.fbnu3-1.fna&amp;oh=84639cdb04e4cb9c42d81b1018c963ca&amp;oe=6086F2A3\" alt=\"Pode ser uma imagem de 6 pessoas, pessoas sentadas e texto que diz &quot;Valeriu ValuRu Rusu OrcivalHenning Orcival Henning MariahHenning Mariah Henning Stefan Mera Romania Edson Roberto Dreher Oana OanaU Ursache&quot;\"\/><\/figure>\n\n\n\n<p>No dia 18\/03\/2021, o Consulado Geral Honor\u00e1rio da Rom\u00eania de Ipor\u00e3 do Oeste em Santa Catarina, representado pelo C\u00f4nsul Honor\u00e1rio Edson Roberto Dreher, esteve em evento promovido pelo &#8220;<strong><a href=\"https:\/\/www.facebook.com\/drpromania\/?__cft__[0]=AZXZpCqG0kBVUiXw40vzI41HPitMiv_d8vtQmLm_J3DyPf__PWALsmk3GTPv8TuEagEkRrJW-yYfOH7OE_JfFiVGHXtZrbucWKzGv1mveXl0Wx0e9ONld0ovEqp8drt0TLXBS_7C3rfqyTWbPjcfxnsB&amp;__tn__=-UC%2CP-R\">Departamentul pentru Rom\u00e2nii de Pretutindeni<\/a><\/strong>&#8220;, que em tradu\u00e7\u00e3o livre seria o Departamento de Cidad\u00e3o Romenos que Residem no Exterior.<\/p>\n\n\n\n<figure class=\"wp-block-image\"><img decoding=\"async\" src=\"https:\/\/scontent.fbnu3-1.fna.fbcdn.net\/v\/t1.6435-9\/162457371_1256161834785798_67921237712772170_n.jpg?_nc_cat=108&amp;ccb=1-3&amp;_nc_sid=8bfeb9&amp;_nc_eui2=AeHq_A2-EqdYlfOIVuNY_b8Ab6DeSPTjd61voN5I9ON3rbzFNPQOBCG6rmZfmm9bUh-LXVinBsAv-9rGloltIX7w&amp;_nc_ohc=-GQO1yZNTAkAX-bh4Pr&amp;_nc_ht=scontent.fbnu3-1.fna&amp;oh=51f4bcd71ee521b5375adda54de77050&amp;oe=6088E25F\" alt=\"Pode ser uma imagem de 3 pessoas, pessoas em p\u00e9 e texto que diz &quot;MariahHenning Ma Henning Stefan Mera Ro.. OanaU View Edson Robert. PalestraColt EVENTO RIO NEGRO 2\/12\/2019 Descendientes de rumanos bucovinos COMUNIDAD BUCOVINA 350 personas Firma de presencia De izq. a der: Edson Roberto Dreher, Orcival Henning, Valeriu Rusu, Mario Presidente da Associa\u00e7\u00e3o dos bucovinos Celestino_lame&quot;\"\/><\/figure>\n\n\n\n<p>No encontro,  A secret\u00e1ria de Estado continuou a sess\u00e3o de v\u00eddeo confer\u00eancia com as miss\u00f5es diplom\u00e1ticas da Rom\u00e9nia no estrangeiro, com a participa\u00e7\u00e3o de uma reuni\u00e3o com  representantes da embaixada da Rom\u00e9nia na Rep\u00fablica Federativa do Brasil <img loading=\"lazy\" decoding=\"async\" height=\"16\" width=\"16\" alt=\"\ud83c\udde7\ud83c\uddf7\" src=\"https:\/\/static.xx.fbcdn.net\/images\/emoji.php\/v9\/t9\/1\/16\/1f1e7_1f1f7.png\"> e cargos consulares, tamb\u00e9m como representantes dos descendentes de bucovinianos e bessarabenses no territ\u00f3rio.<\/p>\n\n\n\n<figure class=\"wp-block-image\"><img decoding=\"async\" src=\"https:\/\/scontent.fbnu3-1.fna.fbcdn.net\/v\/t1.6435-9\/162104474_1256161934785788_9161434047418278363_n.jpg?_nc_cat=101&amp;ccb=1-3&amp;_nc_sid=8bfeb9&amp;_nc_eui2=AeGLKEO8W8jQfuVNuFZIxKxXdwdVk-ikkMB3B1WT6KSQwPkro4plzhxZXwTAXmaSGWJsm2TxxU5q_s1LEj3NTRS_&amp;_nc_ohc=3OyYBtX4-3kAX8p1PeD&amp;_nc_ht=scontent.fbnu3-1.fna&amp;oh=52fee4b86fd198dd0a0aa757ece825a4&amp;oe=608A1949\" alt=\"Pode ser uma imagem de 2 pessoas e texto que diz &quot;StefanMera Ro.. Oana Ursache Edson Roberto D. View Valeriu Rusu ROM\u00caNIA CONSULADO GENERAL HONORARIO DE RUMANIA EN IPOR\u00c3 DO OESTE Sc. BRASIL. JURISDICCI\u00d3N EN EL ESTADO DE SANTA CATARINA. CONSUL GENERAL DE HONOR EDSON ROBERTO DREHER DIRECTORA CULTURAL: FLORENTINA M\u00dcLLER GRUHLKE&quot;\"\/><\/figure>\n\n\n\n<p>Durante a reuni\u00e3o, as associa\u00e7\u00f5es apresentaram a sua atividade e manifestaram o desejo de continuar colaborando com os representantes do estado romeno. <\/p>\n\n\n\n<figure class=\"wp-block-image\"><img decoding=\"async\" src=\"https:\/\/scontent.fbnu3-1.fna.fbcdn.net\/v\/t1.6435-9\/162355809_1256161881452460_6082118164828902436_n.jpg?_nc_cat=102&amp;ccb=1-3&amp;_nc_sid=8bfeb9&amp;_nc_eui2=AeHn3mr9lbM6XNvevkaMynVD2mKN8aK3X2zaYo3xordfbIm0iT5Xr1CSw8PkuRlx1xZKIglWNUk7ABWPpTaS7YFV&amp;_nc_ohc=gFeEB4wHEIcAX-pKZmH&amp;_nc_ht=scontent.fbnu3-1.fna&amp;oh=fcf6322a5b74fac7f2f21eef8985951a&amp;oe=6089C066\" alt=\"Pode ser uma imagem de 3 pessoas e texto que diz &quot;Stefan Mera NO... Oana Ursache Edson Robert. iew Valeriu Rusu 1887 1888 Llegada Riomafra de inmigrantes Bucovina en2 etapas formadas por familias,en total 377 inmigrantes; Se asentaron traves de la agricultura, extracci\u00f3n de yerba mate transporte de diversos productos; INMIGRACI\u00d3N Conservaron el idioma, las tradiciones descendientes; DE BUCOVINOS las costumbres dejadas por sus La inmigraci\u00f3n en la estructura social tuvo un efecto &quot;revolucionario&quot; conservador. EN BRASIL&quot;\"\/><\/figure>\n\n\n\n<p><img loading=\"lazy\" decoding=\"async\" height=\"16\" width=\"16\" alt=\"\ud83d\udccc\" src=\"https:\/\/static.xx.fbcdn.net\/images\/emoji.php\/v9\/tac\/1\/16\/1f4cc.png\"> As discuss\u00f5es visaram as fases e especificidades da emigra\u00e7\u00e3o romena no Brasil e a necessidade de manter essa consci\u00eancia de um grupo de pertencimento cultural nacional.<img loading=\"lazy\" decoding=\"async\" height=\"16\" width=\"16\" alt=\"\ud83e\udd1d\" src=\"https:\/\/static.xx.fbcdn.net\/images\/emoji.php\/v9\/t64\/1\/16\/1f91d.png\"> <\/p>\n\n\n\n<p>Nosso muito obrigado \u00e0 <a href=\"https:\/\/www.facebook.com\/AmbasadaRomanieiBrasilia\/?__cft__[0]=AZXZpCqG0kBVUiXw40vzI41HPitMiv_d8vtQmLm_J3DyPf__PWALsmk3GTPv8TuEagEkRrJW-yYfOH7OE_JfFiVGHXtZrbucWKzGv1mveXl0Wx0e9ONld0ovEqp8drt0TLXBS_7C3rfqyTWbPjcfxnsB&amp;__tn__=kK-R\">Ambasada Romaniei la Brasilia<\/a> pela oportunidade de interagir com esse importante departamento Romeno!<\/p>\n","protected":false},"excerpt":{"rendered":"<p>No dia 18\/03\/2021, o Consulado Geral Honor\u00e1rio da Rom\u00eania de Ipor\u00e3 do Oeste em Santa Catarina, representado pelo C\u00f4nsul Honor\u00e1rio Edson Roberto Dreher, esteve em evento promovido pelo &#8220;Departamentul pentru &#8230;<\/p>\n","protected":false},"author":1,"featured_media":403,"comment_status":"open","ping_status":"open","sticky":false,"template":"","format":"standard","meta":{"om_disable_all_campaigns":false,"_monsterinsights_skip_tracking":false,"_monsterinsights_sitenote_active":false,"_monsterinsights_sitenote_note":"","_monsterinsights_sitenote_category":0,"footnotes":""},"categories":[8],"tags":[],"class_list":["post-402","post","type-post","status-publish","format-standard","has-post-thumbnail","hentry","category-sem-categoria-pt"],"aioseo_notices":[],"_links":{"self":[{"href":"https:\/\/consuladohonorarioromenia.com.br\/index.php?rest_route=\/wp\/v2\/posts\/402","targetHints":{"allow":["GET"]}}],"collection":[{"href":"https:\/\/consuladohonorarioromenia.com.br\/index.php?rest_route=\/wp\/v2\/posts"}],"about":[{"href":"https:\/\/consuladohonorarioromenia.com.br\/index.php?rest_route=\/wp\/v2\/types\/post"}],"author":[{"embeddable":true,"href":"https:\/\/consuladohonorarioromenia.com.br\/index.php?rest_route=\/wp\/v2\/users\/1"}],"replies":[{"embeddable":true,"href":"https:\/\/consuladohonorarioromenia.com.br\/index.php?rest_route=%2Fwp%2Fv2%2Fcomments&post=402"}],"version-history":[{"count":2,"href":"https:\/\/consuladohonorarioromenia.com.br\/index.php?rest_route=\/wp\/v2\/posts\/402\/revisions"}],"predecessor-version":[{"id":405,"href":"https:\/\/consuladohonorarioromenia.com.br\/index.php?rest_route=\/wp\/v2\/posts\/402\/revisions\/405"}],"wp:featuredmedia":[{"embeddable":true,"href":"https:\/\/consuladohonorarioromenia.com.br\/index.php?rest_route=\/wp\/v2\/media\/403"}],"wp:attachment":[{"href":"https:\/\/consuladohonorarioromenia.com.br\/index.php?rest_route=%2Fwp%2Fv2%2Fmedia&parent=402"}],"wp:term":[{"taxonomy":"category","embeddable":true,"href":"https:\/\/consuladohonorarioromenia.com.br\/index.php?rest_route=%2Fwp%2Fv2%2Fcategories&post=402"},{"taxonomy":"post_tag","embeddable":true,"href":"https:\/\/consuladohonorarioromenia.com.br\/index.php?rest_route=%2Fwp%2Fv2%2Ftags&post=402"}],"curies":[{"name":"wp","href":"https:\/\/api.w.org\/{rel}","templated":true}]}}