{"id":369,"date":"2020-12-28T09:40:55","date_gmt":"2020-12-28T12:40:55","guid":{"rendered":"https:\/\/consuladohonorarioromenia.com.br\/?p=369"},"modified":"2020-12-28T09:40:57","modified_gmt":"2020-12-28T12:40:57","slug":"brasil-e-romenia-busca-por-interesses-comuns","status":"publish","type":"post","link":"https:\/\/consuladohonorarioromenia.com.br\/?p=369","title":{"rendered":"Brasil e Rom\u00eania &#8211; Busca por interesses comuns"},"content":{"rendered":"\n<p>O AgroMais recebeu o embaixador da Rom\u00eania, Estefan Mera, para conversar sobre as rela\u00e7\u00f5es entre o Brasil e o pa\u00eds. Confira a entrevista no v\u00eddeo abaixo!<\/p>\n\n\n\n<figure class=\"wp-block-embed-youtube wp-block-embed is-type-video is-provider-youtube wp-embed-aspect-16-9 wp-has-aspect-ratio\"><div class=\"wp-block-embed__wrapper\">\n<iframe loading=\"lazy\" title=\"Brasil e Rom\u00eania busca por interesses comuns | AgroMais\" width=\"800\" height=\"450\" src=\"https:\/\/www.youtube.com\/embed\/kChlyDFflbM?feature=oembed\" frameborder=\"0\" allow=\"accelerometer; autoplay; clipboard-write; encrypted-media; gyroscope; picture-in-picture\" allowfullscreen><\/iframe>\n<\/div><\/figure>\n\n\n\n<p>Confira mais informa\u00e7\u00f5es tamb\u00e9m no site (<a href=\"https:\/\/www.youtube.com\/redirect?q=https%3A%2F%2Fagromais.band.uol.com.br%2F&amp;event=video_description&amp;redir_token=QUFFLUhqbC1DRWU3bmtFUHEzdkVuVVB2ZC1jdkduLXR2Z3xBQ3Jtc0ttVHFWaDlUVzBUekxhVFRYclhTUVNVckNKVVRTaVBkQmJKeTd0UHdUNDBzQm90Qzc5RUlteE5UTUhuY3ZxOVZhU0dVUVotV2tldWV2anhoS3RZVDhOU0hkTWNNWDl5QWE3dGl5c01SUG5WS2FkOGpEaw%3D%3D&amp;v=kChlyDFflbM\" rel=\"noreferrer noopener\" target=\"_blank\">https:\/\/agromais.band.uol.com.br\/<\/a>) e se puder, siga o AgroMais nas redes sociais: <\/p>\n\n\n\n<p>Twitter: <a href=\"https:\/\/www.youtube.com\/redirect?q=https%3A%2F%2Ftwitter.com%2Fagromaistv&amp;event=video_description&amp;redir_token=QUFFLUhqbTh6OWxBM2hGZlFWQ2V3bklSWm9nMG5pVGlzd3xBQ3Jtc0trcUNVYk45cjhiR2VKeElLUWtGRGQwazM5b2RNakFBdDVWbTF0ZV8tRV9XVE1kZGg1dExWV09OWlNpbGRXT0RHeE5HTnpNRVlEb2lxYVYyQ0tmVEpMV1U1X1Voa2dqcHNJRnBZMWJGeDEtY0VVVldGQQ%3D%3D&amp;v=kChlyDFflbM\" rel=\"noreferrer noopener\" target=\"_blank\">https:\/\/twitter.com\/agromaistv<\/a> <\/p>\n\n\n\n<p>Facebook: <a href=\"https:\/\/www.youtube.com\/redirect?q=https%3A%2F%2Fwww.facebook.com%2FagromaisTV%2F&amp;event=video_description&amp;redir_token=QUFFLUhqbUdsd092NmozM0haMkc5aWJnMHJzTlA5Z3hHd3xBQ3Jtc0ttWkIzY2JRdHhzNm51aFB3WE1vakRFQ0lMWjIzMEI1dkR0QkV0OVpHWFFZWkNMeHNMczBYaExialFCeWt1VnlDNHZhTjZheXo5SFpEREhFcDRWdDVLZERaV1ZaWXN2ZG9VUzB3VmE5Q2lHcl9wdkJhMA%3D%3D&amp;v=kChlyDFflbM\" rel=\"noreferrer noopener\" target=\"_blank\">https:\/\/www.facebook.com\/agromaisTV\/<\/a> <\/p>\n\n\n\n<p>Instagram: <a href=\"https:\/\/www.youtube.com\/redirect?q=https%3A%2F%2Fwww.instagram.com%2Fagromaistv%2F&amp;event=video_description&amp;redir_token=QUFFLUhqa2VEMHpySHAzUkpSQU15Tld5ZlBEcEIyMVBSUXxBQ3Jtc0trNVlrT0NuMVFhMWVEUVZlWFVvRFlQZElpSDFjb0x6SlJaNU1kdFpLOTNQZUJybFA2LVJMRDZxQTh6YmNCMFlCME1OdzJmalhUZjZmLS1tUzFsTnNodmQ3b3V0bkFFSkxGdVY1VHFNY2FYeWxscV84dw%3D%3D&amp;v=kChlyDFflbM\" rel=\"noreferrer noopener\" target=\"_blank\">https:\/\/www.instagram.com\/agromaistv\/<\/a> <\/p>\n","protected":false},"excerpt":{"rendered":"<p>O AgroMais recebeu o embaixador da Rom\u00eania, Estefan Mera, para conversar sobre as rela\u00e7\u00f5es entre o Brasil e o pa\u00eds. Confira a entrevista no v\u00eddeo abaixo! Confira mais informa\u00e7\u00f5es tamb\u00e9m &#8230;<\/p>\n","protected":false},"author":1,"featured_media":370,"comment_status":"open","ping_status":"open","sticky":false,"template":"","format":"standard","meta":{"om_disable_all_campaigns":false,"_monsterinsights_skip_tracking":false,"_monsterinsights_sitenote_active":false,"_monsterinsights_sitenote_note":"","_monsterinsights_sitenote_category":0,"footnotes":""},"categories":[8],"tags":[],"class_list":["post-369","post","type-post","status-publish","format-standard","has-post-thumbnail","hentry","category-sem-categoria-pt"],"aioseo_notices":[],"_links":{"self":[{"href":"https:\/\/consuladohonorarioromenia.com.br\/index.php?rest_route=\/wp\/v2\/posts\/369","targetHints":{"allow":["GET"]}}],"collection":[{"href":"https:\/\/consuladohonorarioromenia.com.br\/index.php?rest_route=\/wp\/v2\/posts"}],"about":[{"href":"https:\/\/consuladohonorarioromenia.com.br\/index.php?rest_route=\/wp\/v2\/types\/post"}],"author":[{"embeddable":true,"href":"https:\/\/consuladohonorarioromenia.com.br\/index.php?rest_route=\/wp\/v2\/users\/1"}],"replies":[{"embeddable":true,"href":"https:\/\/consuladohonorarioromenia.com.br\/index.php?rest_route=%2Fwp%2Fv2%2Fcomments&post=369"}],"version-history":[{"count":1,"href":"https:\/\/consuladohonorarioromenia.com.br\/index.php?rest_route=\/wp\/v2\/posts\/369\/revisions"}],"predecessor-version":[{"id":371,"href":"https:\/\/consuladohonorarioromenia.com.br\/index.php?rest_route=\/wp\/v2\/posts\/369\/revisions\/371"}],"wp:featuredmedia":[{"embeddable":true,"href":"https:\/\/consuladohonorarioromenia.com.br\/index.php?rest_route=\/wp\/v2\/media\/370"}],"wp:attachment":[{"href":"https:\/\/consuladohonorarioromenia.com.br\/index.php?rest_route=%2Fwp%2Fv2%2Fmedia&parent=369"}],"wp:term":[{"taxonomy":"category","embeddable":true,"href":"https:\/\/consuladohonorarioromenia.com.br\/index.php?rest_route=%2Fwp%2Fv2%2Fcategories&post=369"},{"taxonomy":"post_tag","embeddable":true,"href":"https:\/\/consuladohonorarioromenia.com.br\/index.php?rest_route=%2Fwp%2Fv2%2Ftags&post=369"}],"curies":[{"name":"wp","href":"https:\/\/api.w.org\/{rel}","templated":true}]}}