{"id":243,"date":"2019-09-25T21:44:17","date_gmt":"2019-09-26T00:44:17","guid":{"rendered":"https:\/\/consuladohonorarioromenia.com.br\/?p=243"},"modified":"2019-10-31T14:40:41","modified_gmt":"2019-10-31T17:40:41","slug":"comunidade-romena-de-santa-catarina-em-luto-pelo-falecimento-da-imigrante-ida-muller-welter","status":"publish","type":"post","link":"https:\/\/consuladohonorarioromenia.com.br\/?p=243","title":{"rendered":"Comunidade Romena de Santa Catarina em Luto pelo Falecimento da Imigrante Ida M\u00fcller Welter"},"content":{"rendered":"\n<figure class=\"wp-block-image is-resized\"><img loading=\"lazy\" decoding=\"async\" src=\"https:\/\/scontent.ffbe2-1.fna.fbcdn.net\/v\/t1.0-9\/71484815_2485844298117283_5364281373790044160_n.jpg?_nc_cat=106&amp;_nc_oc=AQm3c5VpsmVvbAcvwyiu8XVQusBWrHMyzkbeFTMBzYs2e4SEJhiCUAya5xtPz17njDQ&amp;_nc_ht=scontent.ffbe2-1.fna&amp;oh=31140f9064f09ab2a364b76596c3f876&amp;oe=5DFE4B58\" alt=\"A imagem pode conter: 1 pessoa, sorrindo, sentado\" width=\"255\" height=\"279\"\/><\/figure>\n\n\n\n<p><\/p>\n\n\n\n<p>A comunidade Romena e a Associa\u00e7\u00e3o dos Romenos Bessarabianos do Extremo Oeste de SC, com profundo pesar, anuncia o falecimento da s\u00f3cia fundadora, &nbsp;imigrante IDA (MULLER) WELTER, ocorrido em 24-09-2019, em Itapiranga SC.<\/p>\n\n\n\n<p>Quem \u00e9 Ida Welter?<\/p>\n\n\n\n<p>M\u00e3e? Av\u00f3? Bisav\u00f3? Irm\u00e3? Tia?<\/p>\n\n\n\n<p>Sim tudo isso e tamb\u00e9m m\u00e3e de todos! Guerreira, generosa,\nculta&#8230;s\u00e1bia!!!<\/p>\n\n\n\n<p>Partiu aos 96 anos de idade, deixando a sua&nbsp; comunidade romena um pouco mais \u00f3rf\u00e3.<\/p>\n\n\n\n<p>Ida, nascida em Krasna, Bessarabia, Rom\u00eania, em&nbsp; 25 de fevereiro de 1923 &nbsp;\u00e9 filha de Johannes e Clara Winter Muller.\nImigrou ao Brasil em 1929 juntamente com seus pais e mais 4 irm\u00e3os, sendo que\nno Brasil nasceram mais 4 irm\u00e3os.<\/p>\n\n\n\n<p>Casou-se aos 19 anos de idade, com o ent\u00e3o vi\u00favo Adolfo\nWelter e assim, tamb\u00e9m se tornou madrasta de 5 crian\u00e7as do primeiro casamento\nde Adolfo. Criou e educou estas cinco crian\u00e7as com o mesmo amor e afeto que\ncriara e educara seus 12 filhos leg\u00edtimos. Constituiu uma fam\u00edlia numerosa,\nraz\u00e3o pela qual sua partida \u00e9 sentida por muitas fam\u00edlias .<\/p>\n\n\n\n<p>Al\u00e9m de sua numerosa fam\u00edlia, Ida deixa em vida 4 irm\u00e3os,\nsendo ela, a \u00faltima filha de Johannes e Clara.<\/p>\n\n\n\n<p>Ao longo de sua vida, al\u00e9m de devota ass\u00eddua do credo\ncat\u00f3lico, dedicou-se a vida do lar, a arte da costura e do artesanato e\nprincipalmente a leitura e participante como colunista de jornais locais e\nregionais, contando hist\u00f3rias e artigos em l\u00ednguas alem\u00e3 e portuguesa.<\/p>\n\n\n\n<p>Seus artigos e escritos foram publicados na fant\u00e1stica obra:\nUMA IMIGRANTE, TEUTO ROMENA E OUTROS ESCRITOS .<\/p>\n\n\n\n<p>Ida foi uma grande incentivadora para seu filho \u00c1ureo, o\nent\u00e3o prefeito de Itapiranga, na cria\u00e7\u00e3o da Associa\u00e7\u00e3o dos Romenos\nBessarabianos do Extremo Oeste de SC.&nbsp;\nS\u00f3cia fundadora e participante ativa, desde 1989 da grande comunidade\nromena e consequentemente apoiadora do Consulado Geral Honor\u00e1rio de SC.<\/p>\n\n\n\n<p>A Associa\u00e7\u00e3o dos Romenos Bessarabianos e Consulado Geral Honor\u00e1rio agradecem a Ida&nbsp;&nbsp; Welter&nbsp; ao importante legado deixado para todos os tempos: preservar as ra\u00edzes e dar continuidade a esta historia da imigra\u00e7\u00e3o romena no Extremo Oeste de SC.<\/p>\n\n\n\n<p>Em suas conversas sempre deixou marcante o amor a sua P\u00e1tria\nNatal, Rom\u00eania, &nbsp;a saudade revelada em\ntantos momentos de pisar o ch\u00e3o que a vira nascer.<\/p>\n\n\n\n<p>Ida partiu, por\u00e9m seus depoimentos,&nbsp; seus ensinamentos, seus conselhos, seus\nsonhos, jamais deixar\u00e3o de existir como alicerces de uma hist\u00f3ria que se\ndesenvolveu em meio a tantas dificuldades e avan\u00e7os da coloniza\u00e7\u00e3o.<\/p>\n\n\n\n<p>A Associa\u00e7\u00e3o dos Romenos e Consulado, enlutados&nbsp; e entristecidos por sua partida, mas\ntamb\u00e9m&nbsp; gratos por ter tido a sua\nexperi\u00eancia para enriquecer e encorajar tantas vidas e tantas hist\u00f3rias.<\/p>\n\n\n\n<p>DESCANSE EM PAZ GUERREIRA IMIGRANTE ROMENA!!!<\/p>\n","protected":false},"excerpt":{"rendered":"<p>A comunidade Romena e a Associa\u00e7\u00e3o dos Romenos Bessarabianos do Extremo Oeste de SC, com profundo pesar, anuncia o falecimento da s\u00f3cia fundadora, &nbsp;imigrante IDA (MULLER) WELTER, ocorrido em 24-09-2019, &#8230;<\/p>\n","protected":false},"author":1,"featured_media":271,"comment_status":"open","ping_status":"open","sticky":false,"template":"","format":"standard","meta":{"om_disable_all_campaigns":false,"_monsterinsights_skip_tracking":false,"_monsterinsights_sitenote_active":false,"_monsterinsights_sitenote_note":"","_monsterinsights_sitenote_category":0,"footnotes":""},"categories":[8],"tags":[],"class_list":["post-243","post","type-post","status-publish","format-standard","has-post-thumbnail","hentry","category-sem-categoria-pt"],"aioseo_notices":[],"_links":{"self":[{"href":"https:\/\/consuladohonorarioromenia.com.br\/index.php?rest_route=\/wp\/v2\/posts\/243","targetHints":{"allow":["GET"]}}],"collection":[{"href":"https:\/\/consuladohonorarioromenia.com.br\/index.php?rest_route=\/wp\/v2\/posts"}],"about":[{"href":"https:\/\/consuladohonorarioromenia.com.br\/index.php?rest_route=\/wp\/v2\/types\/post"}],"author":[{"embeddable":true,"href":"https:\/\/consuladohonorarioromenia.com.br\/index.php?rest_route=\/wp\/v2\/users\/1"}],"replies":[{"embeddable":true,"href":"https:\/\/consuladohonorarioromenia.com.br\/index.php?rest_route=%2Fwp%2Fv2%2Fcomments&post=243"}],"version-history":[{"count":3,"href":"https:\/\/consuladohonorarioromenia.com.br\/index.php?rest_route=\/wp\/v2\/posts\/243\/revisions"}],"predecessor-version":[{"id":273,"href":"https:\/\/consuladohonorarioromenia.com.br\/index.php?rest_route=\/wp\/v2\/posts\/243\/revisions\/273"}],"wp:featuredmedia":[{"embeddable":true,"href":"https:\/\/consuladohonorarioromenia.com.br\/index.php?rest_route=\/wp\/v2\/media\/271"}],"wp:attachment":[{"href":"https:\/\/consuladohonorarioromenia.com.br\/index.php?rest_route=%2Fwp%2Fv2%2Fmedia&parent=243"}],"wp:term":[{"taxonomy":"category","embeddable":true,"href":"https:\/\/consuladohonorarioromenia.com.br\/index.php?rest_route=%2Fwp%2Fv2%2Fcategories&post=243"},{"taxonomy":"post_tag","embeddable":true,"href":"https:\/\/consuladohonorarioromenia.com.br\/index.php?rest_route=%2Fwp%2Fv2%2Ftags&post=243"}],"curies":[{"name":"wp","href":"https:\/\/api.w.org\/{rel}","templated":true}]}}