{"id":236,"date":"2019-06-18T22:56:34","date_gmt":"2019-06-19T01:56:34","guid":{"rendered":"https:\/\/consuladohonorarioromenia.com.br\/?p=236"},"modified":"2019-06-18T22:58:39","modified_gmt":"2019-06-19T01:58:39","slug":"romenos-em-santa-catarina","status":"publish","type":"post","link":"https:\/\/consuladohonorarioromenia.com.br\/?p=236","title":{"rendered":"Romenos em Santa Catarina"},"content":{"rendered":"\n<p>Agrademos ao Jornalista Moacir Pereira por prestigiar nossa comunidade.<\/p>\n\n\n\n<p>O governo Romeno acaba de oficializar o Consulado Geral Honor\u00e1rio em Santa Catarina. Comunicado foi feito pela embaixador romeno Stefan Mera. Ter\u00e1 como C\u00f4nsul o empres\u00e1rio Edson Roberto Dreher, h\u00e1 cinco anos exercendo a atividade em Ipor\u00e3 do Oeste, 35 km ao sul de S\u00e3o Miguel do Oeste, na fronteira com a Argentina. Dreher resgatou o idioma romeno, incentivou atividades culturais, interc\u00e2mbio estudantil e art\u00edstico.<\/p>\n\n\n\n<p><a href=\"https:\/\/www.nsctotal.com.br\/colunistas\/moacir-pereira\/fazenda-faz-pente-fino-em-empresas-de-santa-catarina\">https:\/\/www.nsctotal.com.br\/colunistas\/moacir-pereira\/fazenda-faz-pente-fino-em-empresas-de-santa-catarina<\/a><\/p>\n","protected":false},"excerpt":{"rendered":"<p>Agrademos ao Jornalista Moacir Pereira por prestigiar nossa comunidade. O governo Romeno acaba de oficializar o Consulado Geral Honor\u00e1rio em Santa Catarina. Comunicado foi feito pela embaixador romeno Stefan Mera. &#8230;<\/p>\n","protected":false},"author":1,"featured_media":238,"comment_status":"open","ping_status":"open","sticky":false,"template":"","format":"standard","meta":{"om_disable_all_campaigns":false,"_monsterinsights_skip_tracking":false,"_monsterinsights_sitenote_active":false,"_monsterinsights_sitenote_note":"","_monsterinsights_sitenote_category":0,"footnotes":""},"categories":[8],"tags":[],"class_list":["post-236","post","type-post","status-publish","format-standard","has-post-thumbnail","hentry","category-sem-categoria-pt"],"aioseo_notices":[],"_links":{"self":[{"href":"https:\/\/consuladohonorarioromenia.com.br\/index.php?rest_route=\/wp\/v2\/posts\/236","targetHints":{"allow":["GET"]}}],"collection":[{"href":"https:\/\/consuladohonorarioromenia.com.br\/index.php?rest_route=\/wp\/v2\/posts"}],"about":[{"href":"https:\/\/consuladohonorarioromenia.com.br\/index.php?rest_route=\/wp\/v2\/types\/post"}],"author":[{"embeddable":true,"href":"https:\/\/consuladohonorarioromenia.com.br\/index.php?rest_route=\/wp\/v2\/users\/1"}],"replies":[{"embeddable":true,"href":"https:\/\/consuladohonorarioromenia.com.br\/index.php?rest_route=%2Fwp%2Fv2%2Fcomments&post=236"}],"version-history":[{"count":1,"href":"https:\/\/consuladohonorarioromenia.com.br\/index.php?rest_route=\/wp\/v2\/posts\/236\/revisions"}],"predecessor-version":[{"id":237,"href":"https:\/\/consuladohonorarioromenia.com.br\/index.php?rest_route=\/wp\/v2\/posts\/236\/revisions\/237"}],"wp:featuredmedia":[{"embeddable":true,"href":"https:\/\/consuladohonorarioromenia.com.br\/index.php?rest_route=\/wp\/v2\/media\/238"}],"wp:attachment":[{"href":"https:\/\/consuladohonorarioromenia.com.br\/index.php?rest_route=%2Fwp%2Fv2%2Fmedia&parent=236"}],"wp:term":[{"taxonomy":"category","embeddable":true,"href":"https:\/\/consuladohonorarioromenia.com.br\/index.php?rest_route=%2Fwp%2Fv2%2Fcategories&post=236"},{"taxonomy":"post_tag","embeddable":true,"href":"https:\/\/consuladohonorarioromenia.com.br\/index.php?rest_route=%2Fwp%2Fv2%2Ftags&post=236"}],"curies":[{"name":"wp","href":"https:\/\/api.w.org\/{rel}","templated":true}]}}