{"id":225,"date":"2019-06-18T22:22:57","date_gmt":"2019-06-19T01:22:57","guid":{"rendered":"https:\/\/consuladohonorarioromenia.com.br\/?p=225"},"modified":"2019-06-18T22:37:41","modified_gmt":"2019-06-19T01:37:41","slug":"entrevista-na-radio-porto-feliz-no-dia-18-06-2019-emissora-fundada-pelo-romeno-artur-deiss","status":"publish","type":"post","link":"https:\/\/consuladohonorarioromenia.com.br\/?p=225","title":{"rendered":"Entrevista na R\u00e1dio Porto Feliz no dia 18\/06\/2019. Emissora Fundada pelo Romeno Artur Deiss."},"content":{"rendered":"\n<p>Hoje tivemos a satisfa\u00e7\u00e3o de participar juntamente com a Diretora Cultural do Consulado Geral Honor\u00e1rio da Rom\u00eania em Ipor\u00e3 do Oeste, com jurisdi\u00e7\u00e3o no Estado de Santa Catarina, Florentina M\u00fcller Gruhlke, do Quadro Entrevistado do Dia, na R\u00e1dio Porto Feliz, emissora fundada pelo romeno Artur Deiss e atualmente dirigida pela vossa filha, Erica Deiss Knorr. <br> Agradecemos a oportunidade e carinho sempre recebidos e tamb\u00e9m de podermos atualizar a popula\u00e7\u00e3o romena e catarinense.<\/p>\n\n\n\n<figure class=\"wp-block-embed-facebook wp-block-embed is-type-rich is-provider-facebook\"><div class=\"wp-block-embed__wrapper\">\n<div id=\"fb-root\"><\/div><script async=\"1\" defer=\"1\" crossorigin=\"anonymous\" src=\"https:\/\/connect.facebook.net\/en_US\/sdk.js#xfbml=1&amp;version=v3.3\"><\/script><div class=\"fb-post\" data-href=\"https:\/\/www.facebook.com\/radioportofeliz\/photos\/a.295134327247186\/2220838488010084\/?type=3&amp;eid=ARDVvB0Rg3hvdDXnf-y_UAIaDSeVueuV3gQOhyLwKYtTuxAxDY1AYKd6JOSIXsLFv4fu-jq8J-iSsMTL&amp;__xts__%5B0%5D=68.ARCOiqE8Ju8aiNrL4EUGIukbwY02KF9RIdaW1rNXCBTs1WOdOqvqhVYhI8yUIHEoDpfIw-fSUCgzzEFYGlCLroJjPDBC4SilCHEl7UE-TlvcyKOUG818gPynDFmBiFKDRerI3DBe95DRhPJj2WTSN9lWAwTo6ghkFfN6epR9lNmW0DT2vMFAIZj0kOMsI7aOHjX3Pvdv0yBzWGQYtOyVc4keifULfoGqSRIXS8S0KiJa4efLf5WpMCWwgeHcRAXQZIOAYrLgD9h2UII88HwLLkr1SBYDxN2a9FXEq9VCubi-XapDQ6VDWHVI3XqXfDfuDFUGRMoQdbQmIRiVVqfMeJXerQ&amp;__tn__=EEHH-R\" data-width=\"750\"><blockquote cite=\"https:\/\/www.facebook.com\/radioportofeliz\/posts\/2220838488010084:0\" class=\"fb-xfbml-parse-ignore\"><p>Acompanhe agora na R\u00e1dio Porto Feliz a entrevista com o C\u00f4nsul Honor\u00e1rio da Rom\u00eania em Santa Catarina, Edson Roberto&#8230;<\/p>Posted by <a href=\"https:\/\/www.facebook.com\/radioportofeliz\/\">R\u00e1dio Porto Feliz<\/a> on&nbsp;<a href=\"https:\/\/www.facebook.com\/radioportofeliz\/posts\/2220838488010084:0\">Tuesday, June 18, 2019<\/a><\/blockquote><\/div>\n<\/div><\/figure>\n","protected":false},"excerpt":{"rendered":"<p>Hoje tivemos a satisfa\u00e7\u00e3o de participar juntamente com a Diretora Cultural do Consulado Geral Honor\u00e1rio da Rom\u00eania em Ipor\u00e3 do Oeste, com jurisdi\u00e7\u00e3o no Estado de Santa Catarina, Florentina M\u00fcller &#8230;<\/p>\n","protected":false},"author":1,"featured_media":231,"comment_status":"open","ping_status":"open","sticky":false,"template":"","format":"standard","meta":{"om_disable_all_campaigns":false,"_monsterinsights_skip_tracking":false,"_monsterinsights_sitenote_active":false,"_monsterinsights_sitenote_note":"","_monsterinsights_sitenote_category":0,"footnotes":""},"categories":[8],"tags":[],"class_list":["post-225","post","type-post","status-publish","format-standard","has-post-thumbnail","hentry","category-sem-categoria-pt"],"aioseo_notices":[],"_links":{"self":[{"href":"https:\/\/consuladohonorarioromenia.com.br\/index.php?rest_route=\/wp\/v2\/posts\/225","targetHints":{"allow":["GET"]}}],"collection":[{"href":"https:\/\/consuladohonorarioromenia.com.br\/index.php?rest_route=\/wp\/v2\/posts"}],"about":[{"href":"https:\/\/consuladohonorarioromenia.com.br\/index.php?rest_route=\/wp\/v2\/types\/post"}],"author":[{"embeddable":true,"href":"https:\/\/consuladohonorarioromenia.com.br\/index.php?rest_route=\/wp\/v2\/users\/1"}],"replies":[{"embeddable":true,"href":"https:\/\/consuladohonorarioromenia.com.br\/index.php?rest_route=%2Fwp%2Fv2%2Fcomments&post=225"}],"version-history":[{"count":2,"href":"https:\/\/consuladohonorarioromenia.com.br\/index.php?rest_route=\/wp\/v2\/posts\/225\/revisions"}],"predecessor-version":[{"id":229,"href":"https:\/\/consuladohonorarioromenia.com.br\/index.php?rest_route=\/wp\/v2\/posts\/225\/revisions\/229"}],"wp:featuredmedia":[{"embeddable":true,"href":"https:\/\/consuladohonorarioromenia.com.br\/index.php?rest_route=\/wp\/v2\/media\/231"}],"wp:attachment":[{"href":"https:\/\/consuladohonorarioromenia.com.br\/index.php?rest_route=%2Fwp%2Fv2%2Fmedia&parent=225"}],"wp:term":[{"taxonomy":"category","embeddable":true,"href":"https:\/\/consuladohonorarioromenia.com.br\/index.php?rest_route=%2Fwp%2Fv2%2Fcategories&post=225"},{"taxonomy":"post_tag","embeddable":true,"href":"https:\/\/consuladohonorarioromenia.com.br\/index.php?rest_route=%2Fwp%2Fv2%2Ftags&post=225"}],"curies":[{"name":"wp","href":"https:\/\/api.w.org\/{rel}","templated":true}]}}